{"id":8931,"date":"2026-01-30T13:21:41","date_gmt":"2026-01-30T12:21:41","guid":{"rendered":"https:\/\/www.city-bahn.de\/?p=8931"},"modified":"2026-03-30T15:25:54","modified_gmt":"2026-03-30T13:25:54","slug":"ver-di-warntreik-am-montag-city-bahn-faehrt-laut-plan","status":"publish","type":"post","link":"https:\/\/www.city-bahn.de\/en\/ver-di-warntreik-am-montag-city-bahn-faehrt-laut-plan\/","title":{"rendered":"Ver.di warning strike on Monday: City-Bahn runs according to plan"},"content":{"rendered":"<div data-elementor-type=\"wp-post\" data-elementor-id=\"8931\" class=\"elementor elementor-8931\" data-elementor-post-type=\"post\">\n\t\t\t\t\t\t<section class=\"elementor-section elementor-top-section elementor-element elementor-element-bc4edf9 elementor-section-boxed elementor-section-height-default elementor-section-height-default\" data-id=\"bc4edf9\" data-element_type=\"section\">\n\t\t\t\t\t\t<div class=\"elementor-container elementor-column-gap-default\">\n\t\t\t\t\t<div class=\"elementor-column elementor-col-100 elementor-top-column elementor-element elementor-element-1c8a3480\" data-id=\"1c8a3480\" data-element_type=\"column\">\n\t\t\t<div class=\"elementor-widget-wrap\">\n\t\t\t\t\t\t\t<\/div>\n\t\t<\/div>\n\t\t\t\t\t<\/div>\n\t\t<\/section>\n\t\t<div class=\"elementor-element elementor-element-152b91e e-flex e-con-boxed e-con e-parent\" data-id=\"152b91e\" data-element_type=\"container\">\n\t\t\t\t\t<div class=\"e-con-inner\">\n\t\t\t\t<div class=\"elementor-element elementor-element-14c3161 elementor-widget elementor-widget-text-editor\" data-id=\"14c3161\" data-element_type=\"widget\" data-widget_type=\"text-editor.default\">\n\t\t\t\t<div class=\"elementor-widget-container\">\n\t\t\t\t\t\t\t\t\t<ul>\n<li><u>Ver.di union strikes local transport on Monday <\/u><\/li>\n<li><u>Chemnitzer Verkehrs-AG and St\u00e4dtische Verkehrsbetriebe Zwickau (SVZ) are affected<\/u><\/li>\n<li><u>City-Bahn serves Chemnitz and the surrounding area with several scheduled lines<\/u><\/li>\n<\/ul>\t\t\t\t\t\t\t\t<\/div>\n\t\t\t\t<\/div>\n\t\t\t\t<div class=\"elementor-element elementor-element-3ad198e elementor-widget elementor-widget-text-editor\" data-id=\"3ad198e\" data-element_type=\"widget\" data-widget_type=\"text-editor.default\">\n\t\t\t\t<div class=\"elementor-widget-container\">\n\t\t\t\t\t\t\t\t\t<p>Chemnitz <strong>- The service union Ver.di plans to strike bus and tram services in Chemnitz and Zwickau on Monday (2 February 2026). The City-Bahn Chemnitz is not affected and will run according to the timetable: <\/strong><a href=\"http:\/\/www.city-bahn.de\/en\/\">www.city-bahn.de<\/a>.<\/p>\t\t\t\t\t\t\t\t<\/div>\n\t\t\t\t<\/div>\n\t\t\t\t<div class=\"elementor-element elementor-element-1ba457e elementor-widget elementor-widget-button\" data-id=\"1ba457e\" data-element_type=\"widget\" data-widget_type=\"button.default\">\n\t\t\t\t<div class=\"elementor-widget-container\">\n\t\t\t\t\t\t\t\t\t<div class=\"elementor-button-wrapper\">\n\t\t\t\t\t<a class=\"elementor-button elementor-button-link elementor-size-sm\" href=\"https:\/\/www.city-bahn.de\/wp-content\/uploads\/2026\/01\/CBC_PM_2_2026_City_Bahn_faehrt.pdf\" target=\"_blank\">\n\t\t\t\t\t\t<span class=\"elementor-button-content-wrapper\">\n\t\t\t\t\t\t<span class=\"elementor-button-icon\">\n\t\t\t\t<i aria-hidden=\"true\" class=\"fal fa-download\"><\/i>\t\t\t<\/span>\n\t\t\t\t\t\t\t\t\t<span class=\"elementor-button-text\">Download press release<\/span>\n\t\t\t\t\t<\/span>\n\t\t\t\t\t<\/a>\n\t\t\t\t<\/div>\n\t\t\t\t\t\t\t\t<\/div>\n\t\t\t\t<\/div>\n\t\t\t\t<div class=\"elementor-element elementor-element-0a4d6d9 elementor-widget elementor-widget-text-editor\" data-id=\"0a4d6d9\" data-element_type=\"widget\" data-widget_type=\"text-editor.default\">\n\t\t\t\t<div class=\"elementor-widget-container\">\n\t\t\t\t\t\t\t\t\t<p>Those affected by the Ver.di strike in our region are CVAG (<a href=\"http:\/\/www.cvag.de\/\">www.cvag.de<\/a>) and SVZ (<a href=\"http:\/\/www.nahverkehr-zwickau.de\/\">www.nahverkehr-zwickau.de<\/a>).<\/p><p>The City-Bahn Chemnitz will not be on strike as it is conducting its collective bargaining negotiations with the German Train Drivers' Union (GDL).<\/p><p>City-Bahn Managing Director Friedbert Straube: <em>\u201eOn the axes Chemnitz main station  central station and on towards Technopark or Altchemnitz, the City-Bahn serves the stops in the Chemnitz city area.\u201c<\/em><\/p><p>The C11, C13, C14 and some of the C15 lines will run as follows on Monday.<\/p><ul><li>C11: <strong>Chemnitz main station  central stop  Annaberger Stra\u00dfe  Altchemnitz  Klaffenbach<\/strong> Stollberg and back: The line runs every 30 minutes.<\/li><li>C13 Burgst\u00e4dt<strong>Chemnitz main station  central station  Reitbahnstra\u00dfe  Reichenhainer Stra\u00dfe  Technopark<\/strong> Aue and back. The line runs every hour.<\/li><li>C14 Mittweida <strong>Chemnitz main station  central station  Reitbahnstra\u00dfe  Reichenhainer Stra\u00dfe  Technopark<\/strong> Thalheim and back. The line runs every hour.<\/li><li>Line C15 Hainichen  Chemnitz currently ends at Chemnitz main station and serves the Chemnitz city area <strong>Hilbersdorf<\/strong>. The line runs every hour.<\/li><\/ul><p>Information on the transport services offered by the regional bus companies travelling to Chemnitz can be found on their websites: <a href=\"http:\/\/www.regiobus.com\/\">www.regiobus.com<\/a>, <a href=\"http:\/\/www.rvw-zwickau.de\/\"> www.rvw-zwickau.de<\/a>, <a href=\"https:\/\/www.rve.de\/\">https:\/\/www.rve.de<\/a>.<\/p>\t\t\t\t\t\t\t\t<\/div>\n\t\t\t\t<\/div>\n\t\t\t\t\t<\/div>\n\t\t\t\t<\/div>\n\t\t\t\t<\/div>","protected":false},"excerpt":{"rendered":"<p>Chemnitz - The service union Ver.di plans to strike bus and tram services in Chemnitz and Zwickau on Monday (2 February 2026). The City-Bahn Chemnitz is not affected and will run according to the timetable: www.city-bahn.de.<\/p>","protected":false},"author":9,"featured_media":0,"comment_status":"closed","ping_status":"closed","sticky":false,"template":"","format":"standard","meta":{"_acf_changed":false,"footnotes":""},"categories":[31],"tags":[],"class_list":["post-8931","post","type-post","status-publish","format-standard","hentry","category-pressemeldung"],"acf":[],"yoast_head":"<!-- This site is optimized with the Yoast SEO plugin v26.5 - https:\/\/yoast.com\/wordpress\/plugins\/seo\/ -->\n<title>Ver.di-Warnstreik am Montag: City-Bahn f\u00e4hrt laut Plan &#187; City-Bahn Chemnitz<\/title>\n<meta name=\"description\" content=\"Chemnitz \u2013 Uneingeschr\u00e4nktes Streikrecht oder sicherer Schulweg und Bildungsteilhabe? Die vorl\u00e4ufigen Entscheidungen von Arbeitsgerichten zugunsten von Kindern will die City-Bahn jetzt prinzipiell kl\u00e4ren lassen.\" \/>\n<meta name=\"robots\" content=\"index, follow, max-snippet:-1, max-image-preview:large, max-video-preview:-1\" \/>\n<link rel=\"canonical\" href=\"https:\/\/www.city-bahn.de\/en\/ver-di-warntreik-am-montag-city-bahn-faehrt-laut-plan\/\" \/>\n<meta property=\"og:locale\" content=\"en_GB\" \/>\n<meta property=\"og:type\" content=\"article\" \/>\n<meta property=\"og:title\" content=\"Ver.di-Warnstreik am Montag: City-Bahn f\u00e4hrt laut Plan &#187; City-Bahn Chemnitz\" \/>\n<meta property=\"og:description\" content=\"Chemnitz \u2013 Uneingeschr\u00e4nktes Streikrecht oder sicherer Schulweg und Bildungsteilhabe? Die vorl\u00e4ufigen Entscheidungen von Arbeitsgerichten zugunsten von Kindern will die City-Bahn jetzt prinzipiell kl\u00e4ren lassen.\" \/>\n<meta property=\"og:url\" content=\"https:\/\/www.city-bahn.de\/en\/ver-di-warntreik-am-montag-city-bahn-faehrt-laut-plan\/\" \/>\n<meta property=\"og:site_name\" content=\"City-Bahn Chemnitz\" \/>\n<meta property=\"article:publisher\" content=\"https:\/\/www.facebook.com\/city.bahn.chemnitz\" \/>\n<meta property=\"article:published_time\" content=\"2026-01-30T12:21:41+00:00\" \/>\n<meta property=\"article:modified_time\" content=\"2026-03-30T13:25:54+00:00\" \/>\n<meta name=\"author\" content=\"Uwe Rabe\" \/>\n<meta name=\"twitter:card\" content=\"summary_large_image\" \/>\n<meta name=\"twitter:creator\" content=\"@citybahn\" \/>\n<meta name=\"twitter:site\" content=\"@citybahn\" \/>\n<meta name=\"twitter:label1\" content=\"Written by\" \/>\n\t<meta name=\"twitter:data1\" content=\"Uwe Rabe\" \/>\n\t<meta name=\"twitter:label2\" content=\"Estimated reading time\" \/>\n\t<meta name=\"twitter:data2\" content=\"1 minute\" \/>\n<script type=\"application\/ld+json\" class=\"yoast-schema-graph\">{\"@context\":\"https:\/\/schema.org\",\"@graph\":[{\"@type\":\"Article\",\"@id\":\"https:\/\/www.city-bahn.de\/ver-di-warntreik-am-montag-city-bahn-faehrt-laut-plan\/#article\",\"isPartOf\":{\"@id\":\"https:\/\/www.city-bahn.de\/ver-di-warntreik-am-montag-city-bahn-faehrt-laut-plan\/\"},\"author\":{\"name\":\"Uwe Rabe\",\"@id\":\"https:\/\/www.city-bahn.de\/#\/schema\/person\/9715d9f2de59e1ceb10f736efc7d59ef\"},\"headline\":\"Ver.di-Warnstreik am Montag: City-Bahn f\u00e4hrt laut Plan\",\"datePublished\":\"2026-01-30T12:21:41+00:00\",\"dateModified\":\"2026-03-30T13:25:54+00:00\",\"mainEntityOfPage\":{\"@id\":\"https:\/\/www.city-bahn.de\/ver-di-warntreik-am-montag-city-bahn-faehrt-laut-plan\/\"},\"wordCount\":296,\"publisher\":{\"@id\":\"https:\/\/www.city-bahn.de\/#organization\"},\"articleSection\":[\"Pressemeldung\"],\"inLanguage\":\"en-GB\"},{\"@type\":\"WebPage\",\"@id\":\"https:\/\/www.city-bahn.de\/ver-di-warntreik-am-montag-city-bahn-faehrt-laut-plan\/\",\"url\":\"https:\/\/www.city-bahn.de\/ver-di-warntreik-am-montag-city-bahn-faehrt-laut-plan\/\",\"name\":\"Ver.di-Warnstreik am Montag: City-Bahn f\u00e4hrt laut Plan &#187; City-Bahn Chemnitz\",\"isPartOf\":{\"@id\":\"https:\/\/www.city-bahn.de\/#website\"},\"datePublished\":\"2026-01-30T12:21:41+00:00\",\"dateModified\":\"2026-03-30T13:25:54+00:00\",\"description\":\"Chemnitz \u2013 Uneingeschr\u00e4nktes Streikrecht oder sicherer Schulweg und Bildungsteilhabe? Die vorl\u00e4ufigen Entscheidungen von Arbeitsgerichten zugunsten von Kindern will die City-Bahn jetzt prinzipiell kl\u00e4ren lassen.\",\"breadcrumb\":{\"@id\":\"https:\/\/www.city-bahn.de\/ver-di-warntreik-am-montag-city-bahn-faehrt-laut-plan\/#breadcrumb\"},\"inLanguage\":\"en-GB\",\"potentialAction\":[{\"@type\":\"ReadAction\",\"target\":[\"https:\/\/www.city-bahn.de\/ver-di-warntreik-am-montag-city-bahn-faehrt-laut-plan\/\"]}]},{\"@type\":\"BreadcrumbList\",\"@id\":\"https:\/\/www.city-bahn.de\/ver-di-warntreik-am-montag-city-bahn-faehrt-laut-plan\/#breadcrumb\",\"itemListElement\":[{\"@type\":\"ListItem\",\"position\":1,\"name\":\"Startseite\",\"item\":\"https:\/\/www.city-bahn.de\/\"},{\"@type\":\"ListItem\",\"position\":2,\"name\":\"Ver.di-Warnstreik am Montag: City-Bahn f\u00e4hrt laut Plan\"}]},{\"@type\":\"WebSite\",\"@id\":\"https:\/\/www.city-bahn.de\/#website\",\"url\":\"https:\/\/www.city-bahn.de\/\",\"name\":\"City-Bahn Chemnitz\",\"description\":\"Wir verbinden die Region\",\"publisher\":{\"@id\":\"https:\/\/www.city-bahn.de\/#organization\"},\"alternateName\":\"City-Bahn Chemnitz GmbH\",\"potentialAction\":[{\"@type\":\"SearchAction\",\"target\":{\"@type\":\"EntryPoint\",\"urlTemplate\":\"https:\/\/www.city-bahn.de\/?s={search_term_string}\"},\"query-input\":{\"@type\":\"PropertyValueSpecification\",\"valueRequired\":true,\"valueName\":\"search_term_string\"}}],\"inLanguage\":\"en-GB\"},{\"@type\":\"Organization\",\"@id\":\"https:\/\/www.city-bahn.de\/#organization\",\"name\":\"City-Bahn Chemnitz GmbH\",\"url\":\"https:\/\/www.city-bahn.de\/\",\"logo\":{\"@type\":\"ImageObject\",\"inLanguage\":\"en-GB\",\"@id\":\"https:\/\/www.city-bahn.de\/#\/schema\/logo\/image\/\",\"url\":\"https:\/\/www.city-bahn.de\/wp-content\/uploads\/2022\/01\/LogoCBC.svg\",\"contentUrl\":\"https:\/\/www.city-bahn.de\/wp-content\/uploads\/2022\/01\/LogoCBC.svg\",\"width\":1385,\"height\":658,\"caption\":\"City-Bahn Chemnitz GmbH\"},\"image\":{\"@id\":\"https:\/\/www.city-bahn.de\/#\/schema\/logo\/image\/\"},\"sameAs\":[\"https:\/\/www.facebook.com\/city.bahn.chemnitz\",\"https:\/\/x.com\/citybahn\"]},{\"@type\":\"Person\",\"@id\":\"https:\/\/www.city-bahn.de\/#\/schema\/person\/9715d9f2de59e1ceb10f736efc7d59ef\",\"name\":\"Uwe Rabe\"}]}<\/script>\n<!-- \/ Yoast SEO plugin. -->","yoast_head_json":{"title":"Ver.di warning strike on Monday: City-Bahn runs according to plan \u00bb City-Bahn Chemnitz","description":"Chemnitz - Unrestricted right to strike or safe journey to school and participation in education? The City-Bahn now wants to have the preliminary decisions of labour courts in favour of children clarified in principle.","robots":{"index":"index","follow":"follow","max-snippet":"max-snippet:-1","max-image-preview":"max-image-preview:large","max-video-preview":"max-video-preview:-1"},"canonical":"https:\/\/www.city-bahn.de\/en\/ver-di-warntreik-am-montag-city-bahn-faehrt-laut-plan\/","og_locale":"en_GB","og_type":"article","og_title":"Ver.di-Warnstreik am Montag: City-Bahn f\u00e4hrt laut Plan &#187; City-Bahn Chemnitz","og_description":"Chemnitz \u2013 Uneingeschr\u00e4nktes Streikrecht oder sicherer Schulweg und Bildungsteilhabe? Die vorl\u00e4ufigen Entscheidungen von Arbeitsgerichten zugunsten von Kindern will die City-Bahn jetzt prinzipiell kl\u00e4ren lassen.","og_url":"https:\/\/www.city-bahn.de\/en\/ver-di-warntreik-am-montag-city-bahn-faehrt-laut-plan\/","og_site_name":"City-Bahn Chemnitz","article_publisher":"https:\/\/www.facebook.com\/city.bahn.chemnitz","article_published_time":"2026-01-30T12:21:41+00:00","article_modified_time":"2026-03-30T13:25:54+00:00","author":"Uwe Rabe","twitter_card":"summary_large_image","twitter_creator":"@citybahn","twitter_site":"@citybahn","twitter_misc":{"Written by":"Uwe Rabe","Estimated reading time":"1 minute"},"schema":{"@context":"https:\/\/schema.org","@graph":[{"@type":"Article","@id":"https:\/\/www.city-bahn.de\/ver-di-warntreik-am-montag-city-bahn-faehrt-laut-plan\/#article","isPartOf":{"@id":"https:\/\/www.city-bahn.de\/ver-di-warntreik-am-montag-city-bahn-faehrt-laut-plan\/"},"author":{"name":"Uwe Rabe","@id":"https:\/\/www.city-bahn.de\/#\/schema\/person\/9715d9f2de59e1ceb10f736efc7d59ef"},"headline":"Ver.di-Warnstreik am Montag: City-Bahn f\u00e4hrt laut Plan","datePublished":"2026-01-30T12:21:41+00:00","dateModified":"2026-03-30T13:25:54+00:00","mainEntityOfPage":{"@id":"https:\/\/www.city-bahn.de\/ver-di-warntreik-am-montag-city-bahn-faehrt-laut-plan\/"},"wordCount":296,"publisher":{"@id":"https:\/\/www.city-bahn.de\/#organization"},"articleSection":["Pressemeldung"],"inLanguage":"en-GB"},{"@type":"WebPage","@id":"https:\/\/www.city-bahn.de\/ver-di-warntreik-am-montag-city-bahn-faehrt-laut-plan\/","url":"https:\/\/www.city-bahn.de\/ver-di-warntreik-am-montag-city-bahn-faehrt-laut-plan\/","name":"Ver.di warning strike on Monday: City-Bahn runs according to plan \u00bb City-Bahn Chemnitz","isPartOf":{"@id":"https:\/\/www.city-bahn.de\/#website"},"datePublished":"2026-01-30T12:21:41+00:00","dateModified":"2026-03-30T13:25:54+00:00","description":"Chemnitz - Unrestricted right to strike or safe journey to school and participation in education? The City-Bahn now wants to have the preliminary decisions of labour courts in favour of children clarified in principle.","breadcrumb":{"@id":"https:\/\/www.city-bahn.de\/ver-di-warntreik-am-montag-city-bahn-faehrt-laut-plan\/#breadcrumb"},"inLanguage":"en-GB","potentialAction":[{"@type":"ReadAction","target":["https:\/\/www.city-bahn.de\/ver-di-warntreik-am-montag-city-bahn-faehrt-laut-plan\/"]}]},{"@type":"BreadcrumbList","@id":"https:\/\/www.city-bahn.de\/ver-di-warntreik-am-montag-city-bahn-faehrt-laut-plan\/#breadcrumb","itemListElement":[{"@type":"ListItem","position":1,"name":"Startseite","item":"https:\/\/www.city-bahn.de\/"},{"@type":"ListItem","position":2,"name":"Ver.di-Warnstreik am Montag: City-Bahn f\u00e4hrt laut Plan"}]},{"@type":"WebSite","@id":"https:\/\/www.city-bahn.de\/#website","url":"https:\/\/www.city-bahn.de\/","name":"Chemnitz City Railway","description":"We connect the region","publisher":{"@id":"https:\/\/www.city-bahn.de\/#organization"},"alternateName":"City-Bahn Chemnitz GmbH","potentialAction":[{"@type":"SearchAction","target":{"@type":"EntryPoint","urlTemplate":"https:\/\/www.city-bahn.de\/?s={search_term_string}"},"query-input":{"@type":"PropertyValueSpecification","valueRequired":true,"valueName":"search_term_string"}}],"inLanguage":"en-GB"},{"@type":"Organization","@id":"https:\/\/www.city-bahn.de\/#organization","name":"City-Bahn Chemnitz GmbH","url":"https:\/\/www.city-bahn.de\/","logo":{"@type":"ImageObject","inLanguage":"en-GB","@id":"https:\/\/www.city-bahn.de\/#\/schema\/logo\/image\/","url":"https:\/\/www.city-bahn.de\/wp-content\/uploads\/2022\/01\/LogoCBC.svg","contentUrl":"https:\/\/www.city-bahn.de\/wp-content\/uploads\/2022\/01\/LogoCBC.svg","width":1385,"height":658,"caption":"City-Bahn Chemnitz GmbH"},"image":{"@id":"https:\/\/www.city-bahn.de\/#\/schema\/logo\/image\/"},"sameAs":["https:\/\/www.facebook.com\/city.bahn.chemnitz","https:\/\/x.com\/citybahn"]},{"@type":"Person","@id":"https:\/\/www.city-bahn.de\/#\/schema\/person\/9715d9f2de59e1ceb10f736efc7d59ef","name":"Uwe Rabe"}]}},"publishpress_future_action":{"enabled":false,"date":"2026-05-10 15:40:43","action":"change-status","newStatus":"draft","terms":[],"taxonomy":"category","extraData":[]},"publishpress_future_workflow_manual_trigger":{"enabledWorkflows":[]},"_links":{"self":[{"href":"https:\/\/www.city-bahn.de\/en\/wp-json\/wp\/v2\/posts\/8931","targetHints":{"allow":["GET"]}}],"collection":[{"href":"https:\/\/www.city-bahn.de\/en\/wp-json\/wp\/v2\/posts"}],"about":[{"href":"https:\/\/www.city-bahn.de\/en\/wp-json\/wp\/v2\/types\/post"}],"author":[{"embeddable":true,"href":"https:\/\/www.city-bahn.de\/en\/wp-json\/wp\/v2\/users\/9"}],"replies":[{"embeddable":true,"href":"https:\/\/www.city-bahn.de\/en\/wp-json\/wp\/v2\/comments?post=8931"}],"version-history":[{"count":12,"href":"https:\/\/www.city-bahn.de\/en\/wp-json\/wp\/v2\/posts\/8931\/revisions"}],"predecessor-version":[{"id":10012,"href":"https:\/\/www.city-bahn.de\/en\/wp-json\/wp\/v2\/posts\/8931\/revisions\/10012"}],"wp:attachment":[{"href":"https:\/\/www.city-bahn.de\/en\/wp-json\/wp\/v2\/media?parent=8931"}],"wp:term":[{"taxonomy":"category","embeddable":true,"href":"https:\/\/www.city-bahn.de\/en\/wp-json\/wp\/v2\/categories?post=8931"},{"taxonomy":"post_tag","embeddable":true,"href":"https:\/\/www.city-bahn.de\/en\/wp-json\/wp\/v2\/tags?post=8931"}],"curies":[{"name":"wp","href":"https:\/\/api.w.org\/{rel}","templated":true}]}}