{"id":6679,"date":"2025-01-15T12:18:29","date_gmt":"2025-01-15T11:18:29","guid":{"rendered":"https:\/\/www.city-bahn.de\/?p=6679"},"modified":"2026-03-30T15:29:14","modified_gmt":"2026-03-30T13:29:14","slug":"kulturhauptstadt-so-faehrt-die-city-bahn-zur-eroeffnung","status":"publish","type":"post","link":"https:\/\/www.city-bahn.de\/en\/kulturhauptstadt-so-faehrt-die-city-bahn-zur-eroeffnung\/","title":{"rendered":"Capital of Culture: This is how the City-Bahn runs for the opening"},"content":{"rendered":"<div data-elementor-type=\"wp-post\" data-elementor-id=\"6679\" class=\"elementor elementor-6679\" data-elementor-post-type=\"post\">\n\t\t\t\t\t\t<section class=\"elementor-section elementor-top-section elementor-element elementor-element-bc4edf9 elementor-section-boxed elementor-section-height-default elementor-section-height-default\" data-id=\"bc4edf9\" data-element_type=\"section\">\n\t\t\t\t\t\t<div class=\"elementor-container elementor-column-gap-default\">\n\t\t\t\t\t<div class=\"elementor-column elementor-col-100 elementor-top-column elementor-element elementor-element-1c8a3480\" data-id=\"1c8a3480\" data-element_type=\"column\">\n\t\t\t<div class=\"elementor-widget-wrap\">\n\t\t\t\t\t\t\t<\/div>\n\t\t<\/div>\n\t\t\t\t\t<\/div>\n\t\t<\/section>\n\t\t<div class=\"elementor-element elementor-element-152b91e e-flex e-con-boxed e-con e-parent\" data-id=\"152b91e\" data-element_type=\"container\">\n\t\t\t\t\t<div class=\"e-con-inner\">\n\t\t\t\t<div class=\"elementor-element elementor-element-14c3161 elementor-widget elementor-widget-text-editor\" data-id=\"14c3161\" data-element_type=\"widget\" data-widget_type=\"text-editor.default\">\n\t\t\t\t<div class=\"elementor-widget-container\">\n\t\t\t\t\t\t\t\t\t<ul><li>Chemnitz city centre: Central stop for city trains largely closed due to festival<\/li><li>C lines terminate at Chemnitz main station and Annenplatz<\/li><li>Extension of the half-hourly service on C11, C13\/C14 into the evening hours<\/li><\/ul>\t\t\t\t\t\t\t\t<\/div>\n\t\t\t\t<\/div>\n\t\t\t\t<div class=\"elementor-element elementor-element-3ad198e elementor-widget elementor-widget-text-editor\" data-id=\"3ad198e\" data-element_type=\"widget\" data-widget_type=\"text-editor.default\">\n\t\t\t\t<div class=\"elementor-widget-container\">\n\t\t\t\t\t\t\t\t\t<p>Chemnitz - <strong>Around 80,000 visitors are expected to attend the opening of the European Capital of Culture year in Chemnitz on Saturday (18 January 2025). The majority will be travelling by public transport.<\/strong><\/p>\t\t\t\t\t\t\t\t<\/div>\n\t\t\t\t<\/div>\n\t\t\t\t<div class=\"elementor-element elementor-element-1ba457e elementor-widget elementor-widget-button\" data-id=\"1ba457e\" data-element_type=\"widget\" data-widget_type=\"button.default\">\n\t\t\t\t<div class=\"elementor-widget-container\">\n\t\t\t\t\t\t\t\t\t<div class=\"elementor-button-wrapper\">\n\t\t\t\t\t<a class=\"elementor-button elementor-button-link elementor-size-sm\" href=\"https:\/\/www.city-bahn.de\/wp-content\/uploads\/2025\/01\/CBC_PM_01_2025_KHS_Eroeffnung_Anm-KKOB.pdf\" target=\"_blank\">\n\t\t\t\t\t\t<span class=\"elementor-button-content-wrapper\">\n\t\t\t\t\t\t<span class=\"elementor-button-icon\">\n\t\t\t\t<i aria-hidden=\"true\" class=\"fal fa-download\"><\/i>\t\t\t<\/span>\n\t\t\t\t\t\t\t\t\t<span class=\"elementor-button-text\">Download press release<\/span>\n\t\t\t\t\t<\/span>\n\t\t\t\t\t<\/a>\n\t\t\t\t<\/div>\n\t\t\t\t\t\t\t\t<\/div>\n\t\t\t\t<\/div>\n\t\t\t\t<div class=\"elementor-element elementor-element-0a4d6d9 elementor-widget elementor-widget-text-editor\" data-id=\"0a4d6d9\" data-element_type=\"widget\" data-widget_type=\"text-editor.default\">\n\t\t\t\t<div class=\"elementor-widget-container\">\n\t\t\t\t\t\t\t\t\t<p>Passengers can expect delays of up to 30 minutes and occasional train cancellations. The route operator is not expected to be able to rectify the disruptions until Tuesday, 12 November 2024 in the afternoon. City-Bahn asks its passengers for their understanding.<\/p>\t\t\t\t\t\t\t\t<\/div>\n\t\t\t\t<\/div>\n\t\t\t\t<div class=\"elementor-element elementor-element-cc0bf39 elementor-widget elementor-widget-text-editor\" data-id=\"cc0bf39\" data-element_type=\"widget\" data-widget_type=\"text-editor.default\">\n\t\t\t\t<div class=\"elementor-widget-container\">\n\t\t\t\t\t\t\t\t\t<p>City-Bahn Managing Director Friedbert Straube: <em>\"The City-Bahn therefore runs every half hour on important C lines on Saturdays and therefore twice as often.\"<\/em> 29 extra lanes are used.<\/p><p><span style=\"text-decoration: underline;\">The central station will be closed to city trains until the evening on Saturday due to the festival<\/span>.<\/p><p><strong>Here are the reinforced lines in detail:<\/strong><\/p>\t\t\t\t\t\t\t\t<\/div>\n\t\t\t\t<\/div>\n\t\t\t\t<div class=\"elementor-element elementor-element-4a2c3a9 elementor-widget elementor-widget-text-editor\" data-id=\"4a2c3a9\" data-element_type=\"widget\" data-widget_type=\"text-editor.default\">\n\t\t\t\t<div class=\"elementor-widget-container\">\n\t\t\t\t\t\t\t\t\t<ul><li>C11 (Chemnitz  Stollberg): 15 additional trains run from early in the morning to late in the evening, ensuring a continuous half-hourly service. Your route: Coming from Stollberg to Chemnitz Annenplatz (access Chemnitz city centre). From there, continue via Bernsbachplatz to Technopark Wendeschleife. From there, the journey starts via the same route back to Stollberg. In the evening, the central stop will be reopened for buses and trams. The last train from Chemnitz in the direction of Stollberg departs from the central station at 23:45, arriving in Stollberg (Sachs) at 0:21. Park &amp; Ride car parks along the line include: Niederdorf, Pfaffenhain, Jahnsdorf, Neukirchen-Klaffenbach, Klaffenbach Hp, Altchemnitz.<\/li><\/ul><p>\u00a0<\/p><ul><li>C13 &amp; C14: Line C13 (Burgst\u00e4dt  Chemnitz  Aue) and C14 (Mittweida  Chemnitz  Thalheim) run every hour on Saturdays. This results in a half-hourly service for the shared section between Chemnitz and Thalheim. This service runs from early in the morning until late at night. 14 additional trains are used for this. About the route: Both lines run from the direction of Thalheim in Chemnitz via Technopark to Annenplatz (access to Chemnitz city centre). From there via Treffurthstra\u00dfe and Altchemnitz Centre to Altchemnitz. There the journey starts back towards Thalheim via Annenplatz. From the north (coming from Burgst\u00e4dt and Mittweida), lines C13 and C14 terminate at Chemnitz main station (access Chemnitz city centre). The last journey from Chemnitz to Thalheim\/Aue leaves at 11.15 pm as C13 from Annenplatz. The last journey from Chemnitz main station to Burgst\u00e4dt (C13) departs at 11.48 pm, to Mittweida at 11.35 pm. Park &amp; Ride car parks along the lines including: Dorfchemnitz, Thalheim, Meinersdorf, Burkhardtsdorf, Dittersdorf, Einsiedel, Altchemnitz.<\/li><\/ul><p>\u00a0<\/p><ul><li>C15 (Chemnitz  Hainichen): Ends from Hainichen at Chemnitz main station (access Chemnitz centre). The line runs every hour. Last journey from Chemnitz main station at 23:37, arrival Hainichen 0:06.<\/li><\/ul>\t\t\t\t\t\t\t\t<\/div>\n\t\t\t\t<\/div>\n\t\t\t\t<div class=\"elementor-element elementor-element-9113862 elementor-widget elementor-widget-text-editor\" data-id=\"9113862\" data-element_type=\"widget\" data-widget_type=\"text-editor.default\">\n\t\t\t\t<div class=\"elementor-widget-container\">\n\t\t\t\t\t\t\t\t\t<p>Managing Director Straube: <em>\"On important inner-city routes such as Annenplatz  Altchemnitz and Annenplatz  Technopark, we are running four journeys per hour, twice as often as usual.\"<\/em><\/p><p><span style=\"text-decoration: underline;\">Note to passengers with reduced mobility: Due to the changed route, accessibility is not guaranteed throughout. Please contact the customer advisor or driver at the start of your journey<\/span>.<\/p><p><strong>All information and timetables for the opening day of the Capital of Culture can be found at www.city-bahn.de under \"News\".<\/strong><\/p>\t\t\t\t\t\t\t\t<\/div>\n\t\t\t\t<\/div>\n\t\t\t\t\t<\/div>\n\t\t\t\t<\/div>\n\t\t\t\t<\/div>","protected":false},"excerpt":{"rendered":"<p>Chemnitz - Around 80,000 visitors are expected to attend the opening of the European Capital of Culture year in Chemnitz on Saturday (18 January 2025). The majority will be travelling by public transport.<\/p>","protected":false},"author":3,"featured_media":0,"comment_status":"closed","ping_status":"closed","sticky":false,"template":"","format":"standard","meta":{"_acf_changed":false,"footnotes":""},"categories":[31],"tags":[],"class_list":["post-6679","post","type-post","status-publish","format-standard","hentry","category-pressemeldung"],"acf":[],"yoast_head":"<!-- This site is optimized with the Yoast SEO plugin v26.5 - https:\/\/yoast.com\/wordpress\/plugins\/seo\/ -->\n<title>Kulturhauptstadt: So f\u00e4hrt die City-Bahn zur Er\u00f6ffnung &#187; City-Bahn Chemnitz<\/title>\n<meta name=\"description\" content=\"Chemnitz \u2013 Rund 80.000 Besucher werden am Sonnabend (18. Januar 2025) zur Er\u00f6ffnung des Europ\u00e4ischen Kulturhauptstadtjahres in Chemnitz erwartet. Ein Gro\u00dfteil wird mit \u00f6ffentlichen Verkehrsmitteln anreisen.\" \/>\n<meta name=\"robots\" content=\"index, follow, max-snippet:-1, max-image-preview:large, max-video-preview:-1\" \/>\n<link rel=\"canonical\" href=\"https:\/\/www.city-bahn.de\/en\/kulturhauptstadt-so-faehrt-die-city-bahn-zur-eroeffnung\/\" \/>\n<meta property=\"og:locale\" content=\"en_GB\" \/>\n<meta property=\"og:type\" content=\"article\" \/>\n<meta property=\"og:title\" content=\"Kulturhauptstadt: So f\u00e4hrt die City-Bahn zur Er\u00f6ffnung &#187; City-Bahn Chemnitz\" \/>\n<meta property=\"og:description\" content=\"Chemnitz \u2013 Rund 80.000 Besucher werden am Sonnabend (18. Januar 2025) zur Er\u00f6ffnung des Europ\u00e4ischen Kulturhauptstadtjahres in Chemnitz erwartet. Ein Gro\u00dfteil wird mit \u00f6ffentlichen Verkehrsmitteln anreisen.\" \/>\n<meta property=\"og:url\" content=\"https:\/\/www.city-bahn.de\/en\/kulturhauptstadt-so-faehrt-die-city-bahn-zur-eroeffnung\/\" \/>\n<meta property=\"og:site_name\" content=\"City-Bahn Chemnitz\" \/>\n<meta property=\"article:publisher\" content=\"https:\/\/www.facebook.com\/city.bahn.chemnitz\" \/>\n<meta property=\"article:published_time\" content=\"2025-01-15T11:18:29+00:00\" \/>\n<meta property=\"article:modified_time\" content=\"2026-03-30T13:29:14+00:00\" \/>\n<meta name=\"author\" content=\"Stephan Baier\" \/>\n<meta name=\"twitter:card\" content=\"summary_large_image\" \/>\n<meta name=\"twitter:creator\" content=\"@citybahn\" \/>\n<meta name=\"twitter:site\" content=\"@citybahn\" \/>\n<meta name=\"twitter:label1\" content=\"Written by\" \/>\n\t<meta name=\"twitter:data1\" content=\"Stephan Baier\" \/>\n\t<meta name=\"twitter:label2\" content=\"Estimated reading time\" \/>\n\t<meta name=\"twitter:data2\" content=\"3 minutes\" \/>\n<script type=\"application\/ld+json\" class=\"yoast-schema-graph\">{\"@context\":\"https:\/\/schema.org\",\"@graph\":[{\"@type\":\"Article\",\"@id\":\"https:\/\/www.city-bahn.de\/kulturhauptstadt-so-faehrt-die-city-bahn-zur-eroeffnung\/#article\",\"isPartOf\":{\"@id\":\"https:\/\/www.city-bahn.de\/kulturhauptstadt-so-faehrt-die-city-bahn-zur-eroeffnung\/\"},\"author\":{\"name\":\"Stephan Baier\",\"@id\":\"https:\/\/www.city-bahn.de\/#\/schema\/person\/e0481252848f0be0ba235ceeb0a6f0e6\"},\"headline\":\"Kulturhauptstadt: So f\u00e4hrt die City-Bahn zur Er\u00f6ffnung\",\"datePublished\":\"2025-01-15T11:18:29+00:00\",\"dateModified\":\"2026-03-30T13:29:14+00:00\",\"mainEntityOfPage\":{\"@id\":\"https:\/\/www.city-bahn.de\/kulturhauptstadt-so-faehrt-die-city-bahn-zur-eroeffnung\/\"},\"wordCount\":526,\"publisher\":{\"@id\":\"https:\/\/www.city-bahn.de\/#organization\"},\"articleSection\":[\"Pressemeldung\"],\"inLanguage\":\"en-GB\"},{\"@type\":\"WebPage\",\"@id\":\"https:\/\/www.city-bahn.de\/kulturhauptstadt-so-faehrt-die-city-bahn-zur-eroeffnung\/\",\"url\":\"https:\/\/www.city-bahn.de\/kulturhauptstadt-so-faehrt-die-city-bahn-zur-eroeffnung\/\",\"name\":\"Kulturhauptstadt: So f\u00e4hrt die City-Bahn zur Er\u00f6ffnung &#187; City-Bahn Chemnitz\",\"isPartOf\":{\"@id\":\"https:\/\/www.city-bahn.de\/#website\"},\"datePublished\":\"2025-01-15T11:18:29+00:00\",\"dateModified\":\"2026-03-30T13:29:14+00:00\",\"description\":\"Chemnitz \u2013 Rund 80.000 Besucher werden am Sonnabend (18. Januar 2025) zur Er\u00f6ffnung des Europ\u00e4ischen Kulturhauptstadtjahres in Chemnitz erwartet. Ein Gro\u00dfteil wird mit \u00f6ffentlichen Verkehrsmitteln anreisen.\",\"breadcrumb\":{\"@id\":\"https:\/\/www.city-bahn.de\/kulturhauptstadt-so-faehrt-die-city-bahn-zur-eroeffnung\/#breadcrumb\"},\"inLanguage\":\"en-GB\",\"potentialAction\":[{\"@type\":\"ReadAction\",\"target\":[\"https:\/\/www.city-bahn.de\/kulturhauptstadt-so-faehrt-die-city-bahn-zur-eroeffnung\/\"]}]},{\"@type\":\"BreadcrumbList\",\"@id\":\"https:\/\/www.city-bahn.de\/kulturhauptstadt-so-faehrt-die-city-bahn-zur-eroeffnung\/#breadcrumb\",\"itemListElement\":[{\"@type\":\"ListItem\",\"position\":1,\"name\":\"Startseite\",\"item\":\"https:\/\/www.city-bahn.de\/\"},{\"@type\":\"ListItem\",\"position\":2,\"name\":\"Kulturhauptstadt: So f\u00e4hrt die City-Bahn zur Er\u00f6ffnung\"}]},{\"@type\":\"WebSite\",\"@id\":\"https:\/\/www.city-bahn.de\/#website\",\"url\":\"https:\/\/www.city-bahn.de\/\",\"name\":\"City-Bahn Chemnitz\",\"description\":\"Wir verbinden die Region\",\"publisher\":{\"@id\":\"https:\/\/www.city-bahn.de\/#organization\"},\"alternateName\":\"City-Bahn Chemnitz GmbH\",\"potentialAction\":[{\"@type\":\"SearchAction\",\"target\":{\"@type\":\"EntryPoint\",\"urlTemplate\":\"https:\/\/www.city-bahn.de\/?s={search_term_string}\"},\"query-input\":{\"@type\":\"PropertyValueSpecification\",\"valueRequired\":true,\"valueName\":\"search_term_string\"}}],\"inLanguage\":\"en-GB\"},{\"@type\":\"Organization\",\"@id\":\"https:\/\/www.city-bahn.de\/#organization\",\"name\":\"City-Bahn Chemnitz GmbH\",\"url\":\"https:\/\/www.city-bahn.de\/\",\"logo\":{\"@type\":\"ImageObject\",\"inLanguage\":\"en-GB\",\"@id\":\"https:\/\/www.city-bahn.de\/#\/schema\/logo\/image\/\",\"url\":\"https:\/\/www.city-bahn.de\/wp-content\/uploads\/2022\/01\/LogoCBC.svg\",\"contentUrl\":\"https:\/\/www.city-bahn.de\/wp-content\/uploads\/2022\/01\/LogoCBC.svg\",\"width\":1385,\"height\":658,\"caption\":\"City-Bahn Chemnitz GmbH\"},\"image\":{\"@id\":\"https:\/\/www.city-bahn.de\/#\/schema\/logo\/image\/\"},\"sameAs\":[\"https:\/\/www.facebook.com\/city.bahn.chemnitz\",\"https:\/\/x.com\/citybahn\"]},{\"@type\":\"Person\",\"@id\":\"https:\/\/www.city-bahn.de\/#\/schema\/person\/e0481252848f0be0ba235ceeb0a6f0e6\",\"name\":\"Stephan Baier\"}]}<\/script>\n<!-- \/ Yoast SEO plugin. -->","yoast_head_json":{"title":"Capital of Culture: This is how the City-Bahn runs for the opening \" City-Bahn Chemnitz","description":"Chemnitz - Around 80,000 visitors are expected to attend the opening of the European Capital of Culture year in Chemnitz on Saturday (18 January 2025). The majority will be travelling by public transport.","robots":{"index":"index","follow":"follow","max-snippet":"max-snippet:-1","max-image-preview":"max-image-preview:large","max-video-preview":"max-video-preview:-1"},"canonical":"https:\/\/www.city-bahn.de\/en\/kulturhauptstadt-so-faehrt-die-city-bahn-zur-eroeffnung\/","og_locale":"en_GB","og_type":"article","og_title":"Kulturhauptstadt: So f\u00e4hrt die City-Bahn zur Er\u00f6ffnung &#187; City-Bahn Chemnitz","og_description":"Chemnitz \u2013 Rund 80.000 Besucher werden am Sonnabend (18. Januar 2025) zur Er\u00f6ffnung des Europ\u00e4ischen Kulturhauptstadtjahres in Chemnitz erwartet. Ein Gro\u00dfteil wird mit \u00f6ffentlichen Verkehrsmitteln anreisen.","og_url":"https:\/\/www.city-bahn.de\/en\/kulturhauptstadt-so-faehrt-die-city-bahn-zur-eroeffnung\/","og_site_name":"City-Bahn Chemnitz","article_publisher":"https:\/\/www.facebook.com\/city.bahn.chemnitz","article_published_time":"2025-01-15T11:18:29+00:00","article_modified_time":"2026-03-30T13:29:14+00:00","author":"Stephan Baier","twitter_card":"summary_large_image","twitter_creator":"@citybahn","twitter_site":"@citybahn","twitter_misc":{"Written by":"Stephan Baier","Estimated reading time":"3 minutes"},"schema":{"@context":"https:\/\/schema.org","@graph":[{"@type":"Article","@id":"https:\/\/www.city-bahn.de\/kulturhauptstadt-so-faehrt-die-city-bahn-zur-eroeffnung\/#article","isPartOf":{"@id":"https:\/\/www.city-bahn.de\/kulturhauptstadt-so-faehrt-die-city-bahn-zur-eroeffnung\/"},"author":{"name":"Stephan Baier","@id":"https:\/\/www.city-bahn.de\/#\/schema\/person\/e0481252848f0be0ba235ceeb0a6f0e6"},"headline":"Kulturhauptstadt: So f\u00e4hrt die City-Bahn zur Er\u00f6ffnung","datePublished":"2025-01-15T11:18:29+00:00","dateModified":"2026-03-30T13:29:14+00:00","mainEntityOfPage":{"@id":"https:\/\/www.city-bahn.de\/kulturhauptstadt-so-faehrt-die-city-bahn-zur-eroeffnung\/"},"wordCount":526,"publisher":{"@id":"https:\/\/www.city-bahn.de\/#organization"},"articleSection":["Pressemeldung"],"inLanguage":"en-GB"},{"@type":"WebPage","@id":"https:\/\/www.city-bahn.de\/kulturhauptstadt-so-faehrt-die-city-bahn-zur-eroeffnung\/","url":"https:\/\/www.city-bahn.de\/kulturhauptstadt-so-faehrt-die-city-bahn-zur-eroeffnung\/","name":"Capital of Culture: This is how the City-Bahn runs for the opening \" City-Bahn Chemnitz","isPartOf":{"@id":"https:\/\/www.city-bahn.de\/#website"},"datePublished":"2025-01-15T11:18:29+00:00","dateModified":"2026-03-30T13:29:14+00:00","description":"Chemnitz - Around 80,000 visitors are expected to attend the opening of the European Capital of Culture year in Chemnitz on Saturday (18 January 2025). The majority will be travelling by public transport.","breadcrumb":{"@id":"https:\/\/www.city-bahn.de\/kulturhauptstadt-so-faehrt-die-city-bahn-zur-eroeffnung\/#breadcrumb"},"inLanguage":"en-GB","potentialAction":[{"@type":"ReadAction","target":["https:\/\/www.city-bahn.de\/kulturhauptstadt-so-faehrt-die-city-bahn-zur-eroeffnung\/"]}]},{"@type":"BreadcrumbList","@id":"https:\/\/www.city-bahn.de\/kulturhauptstadt-so-faehrt-die-city-bahn-zur-eroeffnung\/#breadcrumb","itemListElement":[{"@type":"ListItem","position":1,"name":"Startseite","item":"https:\/\/www.city-bahn.de\/"},{"@type":"ListItem","position":2,"name":"Kulturhauptstadt: So f\u00e4hrt die City-Bahn zur Er\u00f6ffnung"}]},{"@type":"WebSite","@id":"https:\/\/www.city-bahn.de\/#website","url":"https:\/\/www.city-bahn.de\/","name":"Chemnitz City Railway","description":"We connect the region","publisher":{"@id":"https:\/\/www.city-bahn.de\/#organization"},"alternateName":"City-Bahn Chemnitz GmbH","potentialAction":[{"@type":"SearchAction","target":{"@type":"EntryPoint","urlTemplate":"https:\/\/www.city-bahn.de\/?s={search_term_string}"},"query-input":{"@type":"PropertyValueSpecification","valueRequired":true,"valueName":"search_term_string"}}],"inLanguage":"en-GB"},{"@type":"Organization","@id":"https:\/\/www.city-bahn.de\/#organization","name":"City-Bahn Chemnitz GmbH","url":"https:\/\/www.city-bahn.de\/","logo":{"@type":"ImageObject","inLanguage":"en-GB","@id":"https:\/\/www.city-bahn.de\/#\/schema\/logo\/image\/","url":"https:\/\/www.city-bahn.de\/wp-content\/uploads\/2022\/01\/LogoCBC.svg","contentUrl":"https:\/\/www.city-bahn.de\/wp-content\/uploads\/2022\/01\/LogoCBC.svg","width":1385,"height":658,"caption":"City-Bahn Chemnitz GmbH"},"image":{"@id":"https:\/\/www.city-bahn.de\/#\/schema\/logo\/image\/"},"sameAs":["https:\/\/www.facebook.com\/city.bahn.chemnitz","https:\/\/x.com\/citybahn"]},{"@type":"Person","@id":"https:\/\/www.city-bahn.de\/#\/schema\/person\/e0481252848f0be0ba235ceeb0a6f0e6","name":"Stephan Baier"}]}},"publishpress_future_action":{"enabled":false,"date":"2026-05-10 17:10:25","action":"change-status","newStatus":"draft","terms":[],"taxonomy":"category","extraData":[]},"publishpress_future_workflow_manual_trigger":{"enabledWorkflows":[]},"_links":{"self":[{"href":"https:\/\/www.city-bahn.de\/en\/wp-json\/wp\/v2\/posts\/6679","targetHints":{"allow":["GET"]}}],"collection":[{"href":"https:\/\/www.city-bahn.de\/en\/wp-json\/wp\/v2\/posts"}],"about":[{"href":"https:\/\/www.city-bahn.de\/en\/wp-json\/wp\/v2\/types\/post"}],"author":[{"embeddable":true,"href":"https:\/\/www.city-bahn.de\/en\/wp-json\/wp\/v2\/users\/3"}],"replies":[{"embeddable":true,"href":"https:\/\/www.city-bahn.de\/en\/wp-json\/wp\/v2\/comments?post=6679"}],"version-history":[{"count":8,"href":"https:\/\/www.city-bahn.de\/en\/wp-json\/wp\/v2\/posts\/6679\/revisions"}],"predecessor-version":[{"id":10048,"href":"https:\/\/www.city-bahn.de\/en\/wp-json\/wp\/v2\/posts\/6679\/revisions\/10048"}],"wp:attachment":[{"href":"https:\/\/www.city-bahn.de\/en\/wp-json\/wp\/v2\/media?parent=6679"}],"wp:term":[{"taxonomy":"category","embeddable":true,"href":"https:\/\/www.city-bahn.de\/en\/wp-json\/wp\/v2\/categories?post=6679"},{"taxonomy":"post_tag","embeddable":true,"href":"https:\/\/www.city-bahn.de\/en\/wp-json\/wp\/v2\/tags?post=6679"}],"curies":[{"name":"wp","href":"https:\/\/api.w.org\/{rel}","templated":true}]}}