{"id":4598,"date":"2024-01-31T15:34:10","date_gmt":"2024-01-31T14:34:10","guid":{"rendered":"https:\/\/www.city-bahn.de\/?p=4598"},"modified":"2026-03-30T15:34:02","modified_gmt":"2026-03-30T13:34:02","slug":"ver-di-streik-am-freitag-city-bahn-chemnitz-faehrt","status":"publish","type":"post","link":"https:\/\/www.city-bahn.de\/en\/ver-di-streik-am-freitag-city-bahn-chemnitz-faehrt\/","title":{"rendered":"Ver.di strike on Friday: City-Bahn Chemnitz runs"},"content":{"rendered":"<div data-elementor-type=\"wp-post\" data-elementor-id=\"4598\" class=\"elementor elementor-4598\" data-elementor-post-type=\"post\">\n\t\t\t\t\t\t<section class=\"elementor-section elementor-top-section elementor-element elementor-element-bc4edf9 elementor-section-boxed elementor-section-height-default elementor-section-height-default\" data-id=\"bc4edf9\" data-element_type=\"section\">\n\t\t\t\t\t\t<div class=\"elementor-container elementor-column-gap-default\">\n\t\t\t\t\t<div class=\"elementor-column elementor-col-100 elementor-top-column elementor-element elementor-element-1c8a3480\" data-id=\"1c8a3480\" data-element_type=\"column\">\n\t\t\t<div class=\"elementor-widget-wrap\">\n\t\t\t\t\t\t\t<\/div>\n\t\t<\/div>\n\t\t\t\t\t<\/div>\n\t\t<\/section>\n\t\t<div class=\"elementor-element elementor-element-152b91e e-flex e-con-boxed e-con e-parent\" data-id=\"152b91e\" data-element_type=\"container\">\n\t\t\t\t\t<div class=\"e-con-inner\">\n\t\t\t\t<div class=\"elementor-element elementor-element-14c3161 elementor-widget elementor-widget-text-editor\" data-id=\"14c3161\" data-element_type=\"widget\" data-widget_type=\"text-editor.default\">\n\t\t\t\t<div class=\"elementor-widget-container\">\n\t\t\t\t\t\t\t\t\t<ul><li>Ver.di union strikes on public bus and tram services<\/li><li>CVAG, ETP, RVE, RVW and Regiobus affected<\/li><li>City-Bahn serves Chemnitz with several lines<\/li><\/ul>\t\t\t\t\t\t\t\t<\/div>\n\t\t\t\t<\/div>\n\t\t\t\t<div class=\"elementor-element elementor-element-3ad198e elementor-widget elementor-widget-text-editor\" data-id=\"3ad198e\" data-element_type=\"widget\" data-widget_type=\"text-editor.default\">\n\t\t\t\t<div class=\"elementor-widget-container\">\n\t\t\t\t\t\t\t\t\t<p>Chemnitz -<strong> The service trade union Ver.di is planning a strike on public transport in Chemnitz on Friday. CVAG, ETP and the regional transport companies RVE, Regiobus and RVW are affected. The City-Bahn will not be on strike as it is conducting its wage negotiations with the German Train Drivers' Union (GDL) (see City-Bahn press releases 2 + 3 + 4\/2024).<\/strong><\/p>\t\t\t\t\t\t\t\t<\/div>\n\t\t\t\t<\/div>\n\t\t\t\t<div class=\"elementor-element elementor-element-0a4d6d9 elementor-widget elementor-widget-text-editor\" data-id=\"0a4d6d9\" data-element_type=\"widget\" data-widget_type=\"text-editor.default\">\n\t\t\t\t<div class=\"elementor-widget-container\">\n\t\t\t\t\t\t\t\t\t<p>The C11, C13, C14 and some of the C15 lines will be running on Friday in the city centre.<\/p><ul><li>C11: Chemnitz Hauptbahnhof  Zentralhaltestelle  Annaberger Stra\u00dfe  Altchemnitz  Klaffenbach  Stollberg and return: The line runs every hour, and every 30 minutes during peak times.<\/li><li>C13 Burgst\u00e4dt  Chemnitz main station  Reitbahnstra\u00dfe  Reichenhainer Stra\u00dfe  Technopark  Aue and back. The line runs every hour.<\/li><li>C14 Mittweida  Chemnitz main station  Reitbahnstra\u00dfe  Reichenhainer Stra\u00dfe  Technopark  Thalheim and back. The line runs every hour.<\/li><li>Line C15 Hainichen  Chemnitz currently terminates at Chemnitz Hauptbahnhof and serves Hilbersdorf in the Chemnitz urban area. The line runs every hour.<\/li><\/ul>\t\t\t\t\t\t\t\t<\/div>\n\t\t\t\t<\/div>\n\t\t\t\t<div class=\"elementor-element elementor-element-1ba457e elementor-widget elementor-widget-button\" data-id=\"1ba457e\" data-element_type=\"widget\" data-widget_type=\"button.default\">\n\t\t\t\t<div class=\"elementor-widget-container\">\n\t\t\t\t\t\t\t\t\t<div class=\"elementor-button-wrapper\">\n\t\t\t\t\t<a class=\"elementor-button elementor-button-link elementor-size-sm\" href=\"https:\/\/www.city-bahn.de\/wp-content\/uploads\/2024\/01\/CBC_PM_6_2024_Verkehr_Freitag.pdf\" target=\"_blank\">\n\t\t\t\t\t\t<span class=\"elementor-button-content-wrapper\">\n\t\t\t\t\t\t<span class=\"elementor-button-icon\">\n\t\t\t\t<i aria-hidden=\"true\" class=\"fal fa-download\"><\/i>\t\t\t<\/span>\n\t\t\t\t\t\t\t\t\t<span class=\"elementor-button-text\">Download press release<\/span>\n\t\t\t\t\t<\/span>\n\t\t\t\t\t<\/a>\n\t\t\t\t<\/div>\n\t\t\t\t\t\t\t\t<\/div>\n\t\t\t\t<\/div>\n\t\t\t\t\t<\/div>\n\t\t\t\t<\/div>\n\t\t\t\t<\/div>","protected":false},"excerpt":{"rendered":"<p>Chemnitz - The service trade union Ver.di is planning a strike on public transport in Chemnitz on Friday. CVAG, ETP and the regional transport companies RVE, Regiobus and RVW are affected. The City-Bahn will not be on strike as it is conducting its wage negotiations with the German Train Drivers' Union (GDL) (see City-Bahn press releases 2 + 3 + 4\/2024).<\/p>","protected":false},"author":3,"featured_media":4561,"comment_status":"closed","ping_status":"closed","sticky":false,"template":"","format":"standard","meta":{"_acf_changed":false,"footnotes":""},"categories":[31],"tags":[],"class_list":["post-4598","post","type-post","status-publish","format-standard","has-post-thumbnail","hentry","category-pressemeldung"],"acf":[],"yoast_head":"<!-- This site is optimized with the Yoast SEO plugin v26.5 - https:\/\/yoast.com\/wordpress\/plugins\/seo\/ -->\n<title>Ver.di-Streik am Freitag: City-Bahn Chemnitz f\u00e4hrt &#187; City-Bahn Chemnitz<\/title>\n<meta name=\"description\" content=\"Chemnitz \u2013 Die Dienstleistungsgewerkschaft Ver.di will am Freitag den \u00f6ffentlichen Nahverkehr in Chemnitz bestreiken. Betroffen sind CVAG, ETP und die Regionalverkehrsunternehmen RVE, Regiobus und RVW. Die City-Bahn wird nicht bestreikt, da sie ihre Tarifverhandlungen mit der Gewerkschaft Deutscher Lokomotivf\u00fchrer (GDL) f\u00fchrt (vgl. City-Bahn-Pressemitteilungen 2 + 3 + 4\/2024).\" \/>\n<meta name=\"robots\" content=\"index, follow, max-snippet:-1, max-image-preview:large, max-video-preview:-1\" \/>\n<link rel=\"canonical\" href=\"https:\/\/www.city-bahn.de\/en\/ver-di-streik-am-freitag-city-bahn-chemnitz-faehrt\/\" \/>\n<meta property=\"og:locale\" content=\"en_GB\" \/>\n<meta property=\"og:type\" content=\"article\" \/>\n<meta property=\"og:title\" content=\"Ver.di-Streik am Freitag: City-Bahn Chemnitz f\u00e4hrt &#187; City-Bahn Chemnitz\" \/>\n<meta property=\"og:description\" content=\"Chemnitz \u2013 Die Dienstleistungsgewerkschaft Ver.di will am Freitag den \u00f6ffentlichen Nahverkehr in Chemnitz bestreiken. Betroffen sind CVAG, ETP und die Regionalverkehrsunternehmen RVE, Regiobus und RVW. Die City-Bahn wird nicht bestreikt, da sie ihre Tarifverhandlungen mit der Gewerkschaft Deutscher Lokomotivf\u00fchrer (GDL) f\u00fchrt (vgl. City-Bahn-Pressemitteilungen 2 + 3 + 4\/2024).\" \/>\n<meta property=\"og:url\" content=\"https:\/\/www.city-bahn.de\/en\/ver-di-streik-am-freitag-city-bahn-chemnitz-faehrt\/\" \/>\n<meta property=\"og:site_name\" content=\"City-Bahn Chemnitz\" \/>\n<meta property=\"article:publisher\" content=\"https:\/\/www.facebook.com\/city.bahn.chemnitz\" \/>\n<meta property=\"article:published_time\" content=\"2024-01-31T14:34:10+00:00\" \/>\n<meta property=\"article:modified_time\" content=\"2026-03-30T13:34:02+00:00\" \/>\n<meta name=\"author\" content=\"Stephan Baier\" \/>\n<meta name=\"twitter:card\" content=\"summary_large_image\" \/>\n<meta name=\"twitter:creator\" content=\"@citybahn\" \/>\n<meta name=\"twitter:site\" content=\"@citybahn\" \/>\n<meta name=\"twitter:label1\" content=\"Written by\" \/>\n\t<meta name=\"twitter:data1\" content=\"Stephan Baier\" \/>\n\t<meta name=\"twitter:label2\" content=\"Estimated reading time\" \/>\n\t<meta name=\"twitter:data2\" content=\"1 minute\" \/>\n<script type=\"application\/ld+json\" class=\"yoast-schema-graph\">{\"@context\":\"https:\/\/schema.org\",\"@graph\":[{\"@type\":\"Article\",\"@id\":\"https:\/\/www.city-bahn.de\/ver-di-streik-am-freitag-city-bahn-chemnitz-faehrt\/#article\",\"isPartOf\":{\"@id\":\"https:\/\/www.city-bahn.de\/ver-di-streik-am-freitag-city-bahn-chemnitz-faehrt\/\"},\"author\":{\"name\":\"Stephan Baier\",\"@id\":\"https:\/\/www.city-bahn.de\/#\/schema\/person\/e0481252848f0be0ba235ceeb0a6f0e6\"},\"headline\":\"Ver.di-Streik am Freitag: City-Bahn Chemnitz f\u00e4hrt\",\"datePublished\":\"2024-01-31T14:34:10+00:00\",\"dateModified\":\"2026-03-30T13:34:02+00:00\",\"mainEntityOfPage\":{\"@id\":\"https:\/\/www.city-bahn.de\/ver-di-streik-am-freitag-city-bahn-chemnitz-faehrt\/\"},\"wordCount\":212,\"publisher\":{\"@id\":\"https:\/\/www.city-bahn.de\/#organization\"},\"image\":{\"@id\":\"https:\/\/www.city-bahn.de\/ver-di-streik-am-freitag-city-bahn-chemnitz-faehrt\/#primaryimage\"},\"thumbnailUrl\":\"https:\/\/www.city-bahn.de\/wp-content\/uploads\/2024\/01\/2024-02-02_kein-Streik-bei-CBC_FB.svg\",\"articleSection\":[\"Pressemeldung\"],\"inLanguage\":\"en-GB\"},{\"@type\":\"WebPage\",\"@id\":\"https:\/\/www.city-bahn.de\/ver-di-streik-am-freitag-city-bahn-chemnitz-faehrt\/\",\"url\":\"https:\/\/www.city-bahn.de\/ver-di-streik-am-freitag-city-bahn-chemnitz-faehrt\/\",\"name\":\"Ver.di-Streik am Freitag: City-Bahn Chemnitz f\u00e4hrt &#187; City-Bahn Chemnitz\",\"isPartOf\":{\"@id\":\"https:\/\/www.city-bahn.de\/#website\"},\"primaryImageOfPage\":{\"@id\":\"https:\/\/www.city-bahn.de\/ver-di-streik-am-freitag-city-bahn-chemnitz-faehrt\/#primaryimage\"},\"image\":{\"@id\":\"https:\/\/www.city-bahn.de\/ver-di-streik-am-freitag-city-bahn-chemnitz-faehrt\/#primaryimage\"},\"thumbnailUrl\":\"https:\/\/www.city-bahn.de\/wp-content\/uploads\/2024\/01\/2024-02-02_kein-Streik-bei-CBC_FB.svg\",\"datePublished\":\"2024-01-31T14:34:10+00:00\",\"dateModified\":\"2026-03-30T13:34:02+00:00\",\"description\":\"Chemnitz \u2013 Die Dienstleistungsgewerkschaft Ver.di will am Freitag den \u00f6ffentlichen Nahverkehr in Chemnitz bestreiken. Betroffen sind CVAG, ETP und die Regionalverkehrsunternehmen RVE, Regiobus und RVW. Die City-Bahn wird nicht bestreikt, da sie ihre Tarifverhandlungen mit der Gewerkschaft Deutscher Lokomotivf\u00fchrer (GDL) f\u00fchrt (vgl. City-Bahn-Pressemitteilungen 2 + 3 + 4\/2024).\",\"breadcrumb\":{\"@id\":\"https:\/\/www.city-bahn.de\/ver-di-streik-am-freitag-city-bahn-chemnitz-faehrt\/#breadcrumb\"},\"inLanguage\":\"en-GB\",\"potentialAction\":[{\"@type\":\"ReadAction\",\"target\":[\"https:\/\/www.city-bahn.de\/ver-di-streik-am-freitag-city-bahn-chemnitz-faehrt\/\"]}]},{\"@type\":\"ImageObject\",\"inLanguage\":\"en-GB\",\"@id\":\"https:\/\/www.city-bahn.de\/ver-di-streik-am-freitag-city-bahn-chemnitz-faehrt\/#primaryimage\",\"url\":\"https:\/\/www.city-bahn.de\/wp-content\/uploads\/2024\/01\/2024-02-02_kein-Streik-bei-CBC_FB.svg\",\"contentUrl\":\"https:\/\/www.city-bahn.de\/wp-content\/uploads\/2024\/01\/2024-02-02_kein-Streik-bei-CBC_FB.svg\",\"width\":2560,\"height\":1500,\"caption\":\"Collage: City-Bahn Chemnitz wird nicht bestreikt, Planm\u00e4\u00dfiges Fahrtangebot am 2. Februar 2024\"},{\"@type\":\"BreadcrumbList\",\"@id\":\"https:\/\/www.city-bahn.de\/ver-di-streik-am-freitag-city-bahn-chemnitz-faehrt\/#breadcrumb\",\"itemListElement\":[{\"@type\":\"ListItem\",\"position\":1,\"name\":\"Startseite\",\"item\":\"https:\/\/www.city-bahn.de\/\"},{\"@type\":\"ListItem\",\"position\":2,\"name\":\"Ver.di-Streik am Freitag: City-Bahn Chemnitz f\u00e4hrt\"}]},{\"@type\":\"WebSite\",\"@id\":\"https:\/\/www.city-bahn.de\/#website\",\"url\":\"https:\/\/www.city-bahn.de\/\",\"name\":\"City-Bahn Chemnitz\",\"description\":\"Wir verbinden die Region\",\"publisher\":{\"@id\":\"https:\/\/www.city-bahn.de\/#organization\"},\"alternateName\":\"City-Bahn Chemnitz GmbH\",\"potentialAction\":[{\"@type\":\"SearchAction\",\"target\":{\"@type\":\"EntryPoint\",\"urlTemplate\":\"https:\/\/www.city-bahn.de\/?s={search_term_string}\"},\"query-input\":{\"@type\":\"PropertyValueSpecification\",\"valueRequired\":true,\"valueName\":\"search_term_string\"}}],\"inLanguage\":\"en-GB\"},{\"@type\":\"Organization\",\"@id\":\"https:\/\/www.city-bahn.de\/#organization\",\"name\":\"City-Bahn Chemnitz GmbH\",\"url\":\"https:\/\/www.city-bahn.de\/\",\"logo\":{\"@type\":\"ImageObject\",\"inLanguage\":\"en-GB\",\"@id\":\"https:\/\/www.city-bahn.de\/#\/schema\/logo\/image\/\",\"url\":\"https:\/\/www.city-bahn.de\/wp-content\/uploads\/2022\/01\/LogoCBC.svg\",\"contentUrl\":\"https:\/\/www.city-bahn.de\/wp-content\/uploads\/2022\/01\/LogoCBC.svg\",\"width\":1385,\"height\":658,\"caption\":\"City-Bahn Chemnitz GmbH\"},\"image\":{\"@id\":\"https:\/\/www.city-bahn.de\/#\/schema\/logo\/image\/\"},\"sameAs\":[\"https:\/\/www.facebook.com\/city.bahn.chemnitz\",\"https:\/\/x.com\/citybahn\"]},{\"@type\":\"Person\",\"@id\":\"https:\/\/www.city-bahn.de\/#\/schema\/person\/e0481252848f0be0ba235ceeb0a6f0e6\",\"name\":\"Stephan Baier\"}]}<\/script>\n<!-- \/ Yoast SEO plugin. -->","yoast_head_json":{"title":"Ver.di strike on Friday: City-Bahn Chemnitz runs \" City-Bahn Chemnitz","description":"Chemnitz - The service trade union Ver.di is planning a strike on public transport in Chemnitz on Friday. CVAG, ETP and the regional transport companies RVE, Regiobus and RVW are affected. The City-Bahn will not be on strike as it is conducting its wage negotiations with the German Train Drivers' Union (GDL) (see City-Bahn press releases 2 + 3 + 4\/2024).","robots":{"index":"index","follow":"follow","max-snippet":"max-snippet:-1","max-image-preview":"max-image-preview:large","max-video-preview":"max-video-preview:-1"},"canonical":"https:\/\/www.city-bahn.de\/en\/ver-di-streik-am-freitag-city-bahn-chemnitz-faehrt\/","og_locale":"en_GB","og_type":"article","og_title":"Ver.di-Streik am Freitag: City-Bahn Chemnitz f\u00e4hrt &#187; City-Bahn Chemnitz","og_description":"Chemnitz \u2013 Die Dienstleistungsgewerkschaft Ver.di will am Freitag den \u00f6ffentlichen Nahverkehr in Chemnitz bestreiken. Betroffen sind CVAG, ETP und die Regionalverkehrsunternehmen RVE, Regiobus und RVW. Die City-Bahn wird nicht bestreikt, da sie ihre Tarifverhandlungen mit der Gewerkschaft Deutscher Lokomotivf\u00fchrer (GDL) f\u00fchrt (vgl. City-Bahn-Pressemitteilungen 2 + 3 + 4\/2024).","og_url":"https:\/\/www.city-bahn.de\/en\/ver-di-streik-am-freitag-city-bahn-chemnitz-faehrt\/","og_site_name":"City-Bahn Chemnitz","article_publisher":"https:\/\/www.facebook.com\/city.bahn.chemnitz","article_published_time":"2024-01-31T14:34:10+00:00","article_modified_time":"2026-03-30T13:34:02+00:00","author":"Stephan Baier","twitter_card":"summary_large_image","twitter_creator":"@citybahn","twitter_site":"@citybahn","twitter_misc":{"Written by":"Stephan Baier","Estimated reading time":"1 minute"},"schema":{"@context":"https:\/\/schema.org","@graph":[{"@type":"Article","@id":"https:\/\/www.city-bahn.de\/ver-di-streik-am-freitag-city-bahn-chemnitz-faehrt\/#article","isPartOf":{"@id":"https:\/\/www.city-bahn.de\/ver-di-streik-am-freitag-city-bahn-chemnitz-faehrt\/"},"author":{"name":"Stephan Baier","@id":"https:\/\/www.city-bahn.de\/#\/schema\/person\/e0481252848f0be0ba235ceeb0a6f0e6"},"headline":"Ver.di-Streik am Freitag: City-Bahn Chemnitz f\u00e4hrt","datePublished":"2024-01-31T14:34:10+00:00","dateModified":"2026-03-30T13:34:02+00:00","mainEntityOfPage":{"@id":"https:\/\/www.city-bahn.de\/ver-di-streik-am-freitag-city-bahn-chemnitz-faehrt\/"},"wordCount":212,"publisher":{"@id":"https:\/\/www.city-bahn.de\/#organization"},"image":{"@id":"https:\/\/www.city-bahn.de\/ver-di-streik-am-freitag-city-bahn-chemnitz-faehrt\/#primaryimage"},"thumbnailUrl":"https:\/\/www.city-bahn.de\/wp-content\/uploads\/2024\/01\/2024-02-02_kein-Streik-bei-CBC_FB.svg","articleSection":["Pressemeldung"],"inLanguage":"en-GB"},{"@type":"WebPage","@id":"https:\/\/www.city-bahn.de\/ver-di-streik-am-freitag-city-bahn-chemnitz-faehrt\/","url":"https:\/\/www.city-bahn.de\/ver-di-streik-am-freitag-city-bahn-chemnitz-faehrt\/","name":"Ver.di strike on Friday: City-Bahn Chemnitz runs \" City-Bahn Chemnitz","isPartOf":{"@id":"https:\/\/www.city-bahn.de\/#website"},"primaryImageOfPage":{"@id":"https:\/\/www.city-bahn.de\/ver-di-streik-am-freitag-city-bahn-chemnitz-faehrt\/#primaryimage"},"image":{"@id":"https:\/\/www.city-bahn.de\/ver-di-streik-am-freitag-city-bahn-chemnitz-faehrt\/#primaryimage"},"thumbnailUrl":"https:\/\/www.city-bahn.de\/wp-content\/uploads\/2024\/01\/2024-02-02_kein-Streik-bei-CBC_FB.svg","datePublished":"2024-01-31T14:34:10+00:00","dateModified":"2026-03-30T13:34:02+00:00","description":"Chemnitz - The service trade union Ver.di is planning a strike on public transport in Chemnitz on Friday. CVAG, ETP and the regional transport companies RVE, Regiobus and RVW are affected. The City-Bahn will not be on strike as it is conducting its wage negotiations with the German Train Drivers' Union (GDL) (see City-Bahn press releases 2 + 3 + 4\/2024).","breadcrumb":{"@id":"https:\/\/www.city-bahn.de\/ver-di-streik-am-freitag-city-bahn-chemnitz-faehrt\/#breadcrumb"},"inLanguage":"en-GB","potentialAction":[{"@type":"ReadAction","target":["https:\/\/www.city-bahn.de\/ver-di-streik-am-freitag-city-bahn-chemnitz-faehrt\/"]}]},{"@type":"ImageObject","inLanguage":"en-GB","@id":"https:\/\/www.city-bahn.de\/ver-di-streik-am-freitag-city-bahn-chemnitz-faehrt\/#primaryimage","url":"https:\/\/www.city-bahn.de\/wp-content\/uploads\/2024\/01\/2024-02-02_kein-Streik-bei-CBC_FB.svg","contentUrl":"https:\/\/www.city-bahn.de\/wp-content\/uploads\/2024\/01\/2024-02-02_kein-Streik-bei-CBC_FB.svg","width":2560,"height":1500,"caption":"Collage: City-Bahn Chemnitz wird nicht bestreikt, Planm\u00e4\u00dfiges Fahrtangebot am 2. Februar 2024"},{"@type":"BreadcrumbList","@id":"https:\/\/www.city-bahn.de\/ver-di-streik-am-freitag-city-bahn-chemnitz-faehrt\/#breadcrumb","itemListElement":[{"@type":"ListItem","position":1,"name":"Startseite","item":"https:\/\/www.city-bahn.de\/"},{"@type":"ListItem","position":2,"name":"Ver.di-Streik am Freitag: City-Bahn Chemnitz f\u00e4hrt"}]},{"@type":"WebSite","@id":"https:\/\/www.city-bahn.de\/#website","url":"https:\/\/www.city-bahn.de\/","name":"Chemnitz City Railway","description":"We connect the region","publisher":{"@id":"https:\/\/www.city-bahn.de\/#organization"},"alternateName":"City-Bahn Chemnitz GmbH","potentialAction":[{"@type":"SearchAction","target":{"@type":"EntryPoint","urlTemplate":"https:\/\/www.city-bahn.de\/?s={search_term_string}"},"query-input":{"@type":"PropertyValueSpecification","valueRequired":true,"valueName":"search_term_string"}}],"inLanguage":"en-GB"},{"@type":"Organization","@id":"https:\/\/www.city-bahn.de\/#organization","name":"City-Bahn Chemnitz GmbH","url":"https:\/\/www.city-bahn.de\/","logo":{"@type":"ImageObject","inLanguage":"en-GB","@id":"https:\/\/www.city-bahn.de\/#\/schema\/logo\/image\/","url":"https:\/\/www.city-bahn.de\/wp-content\/uploads\/2022\/01\/LogoCBC.svg","contentUrl":"https:\/\/www.city-bahn.de\/wp-content\/uploads\/2022\/01\/LogoCBC.svg","width":1385,"height":658,"caption":"City-Bahn Chemnitz GmbH"},"image":{"@id":"https:\/\/www.city-bahn.de\/#\/schema\/logo\/image\/"},"sameAs":["https:\/\/www.facebook.com\/city.bahn.chemnitz","https:\/\/x.com\/citybahn"]},{"@type":"Person","@id":"https:\/\/www.city-bahn.de\/#\/schema\/person\/e0481252848f0be0ba235ceeb0a6f0e6","name":"Stephan Baier"}]}},"publishpress_future_action":{"enabled":false,"date":"2026-05-10 17:04:50","action":"change-status","newStatus":"draft","terms":[],"taxonomy":"category","extraData":[]},"publishpress_future_workflow_manual_trigger":{"enabledWorkflows":[]},"_links":{"self":[{"href":"https:\/\/www.city-bahn.de\/en\/wp-json\/wp\/v2\/posts\/4598","targetHints":{"allow":["GET"]}}],"collection":[{"href":"https:\/\/www.city-bahn.de\/en\/wp-json\/wp\/v2\/posts"}],"about":[{"href":"https:\/\/www.city-bahn.de\/en\/wp-json\/wp\/v2\/types\/post"}],"author":[{"embeddable":true,"href":"https:\/\/www.city-bahn.de\/en\/wp-json\/wp\/v2\/users\/3"}],"replies":[{"embeddable":true,"href":"https:\/\/www.city-bahn.de\/en\/wp-json\/wp\/v2\/comments?post=4598"}],"version-history":[{"count":9,"href":"https:\/\/www.city-bahn.de\/en\/wp-json\/wp\/v2\/posts\/4598\/revisions"}],"predecessor-version":[{"id":10156,"href":"https:\/\/www.city-bahn.de\/en\/wp-json\/wp\/v2\/posts\/4598\/revisions\/10156"}],"wp:featuredmedia":[{"embeddable":true,"href":"https:\/\/www.city-bahn.de\/en\/wp-json\/wp\/v2\/media\/4561"}],"wp:attachment":[{"href":"https:\/\/www.city-bahn.de\/en\/wp-json\/wp\/v2\/media?parent=4598"}],"wp:term":[{"taxonomy":"category","embeddable":true,"href":"https:\/\/www.city-bahn.de\/en\/wp-json\/wp\/v2\/categories?post=4598"},{"taxonomy":"post_tag","embeddable":true,"href":"https:\/\/www.city-bahn.de\/en\/wp-json\/wp\/v2\/tags?post=4598"}],"curies":[{"name":"wp","href":"https:\/\/api.w.org\/{rel}","templated":true}]}}