{"id":3603,"date":"2023-08-14T17:48:58","date_gmt":"2023-08-14T15:48:58","guid":{"rendered":"https:\/\/www.city-bahn.de\/?p=3603"},"modified":"2026-03-30T15:36:31","modified_gmt":"2026-03-30T13:36:31","slug":"berufsinformationstag-in-neumark","status":"publish","type":"post","link":"https:\/\/www.city-bahn.de\/en\/berufsinformationstag-in-neumark\/","title":{"rendered":"Career information day for prospective railway workers"},"content":{"rendered":"<div data-elementor-type=\"wp-post\" data-elementor-id=\"3603\" class=\"elementor elementor-3603\" data-elementor-post-type=\"post\">\n\t\t\t\t\t\t<section class=\"elementor-section elementor-top-section elementor-element elementor-element-72bd51ba elementor-section-boxed elementor-section-height-default elementor-section-height-default\" data-id=\"72bd51ba\" data-element_type=\"section\">\n\t\t\t\t\t\t<div class=\"elementor-container elementor-column-gap-default\">\n\t\t\t\t\t<div class=\"elementor-column elementor-col-100 elementor-top-column elementor-element elementor-element-e5457e2\" data-id=\"e5457e2\" data-element_type=\"column\">\n\t\t\t<div class=\"elementor-widget-wrap elementor-element-populated\">\n\t\t\t\t\t\t<div class=\"elementor-element elementor-element-9d74ba1 elementor-widget elementor-widget-heading\" data-id=\"9d74ba1\" data-element_type=\"widget\" data-widget_type=\"heading.default\">\n\t\t\t\t<div class=\"elementor-widget-container\">\n\t\t\t\t\t<h2 class=\"elementor-heading-title elementor-size-default\">Would an apprenticeship at City-Bahn be just your thing?<\/h2>\t\t\t\t<\/div>\n\t\t\t\t<\/div>\n\t\t\t\t<div class=\"elementor-element elementor-element-5a263c1 elementor-widget elementor-widget-spacer\" data-id=\"5a263c1\" data-element_type=\"widget\" data-widget_type=\"spacer.default\">\n\t\t\t\t<div class=\"elementor-widget-container\">\n\t\t\t\t\t\t\t<div class=\"elementor-spacer\">\n\t\t\t<div class=\"elementor-spacer-inner\"><\/div>\n\t\t<\/div>\n\t\t\t\t\t\t<\/div>\n\t\t\t\t<\/div>\n\t\t\t\t<div class=\"elementor-element elementor-element-991a95f elementor-widget elementor-widget-heading\" data-id=\"991a95f\" data-element_type=\"widget\" data-widget_type=\"heading.default\">\n\t\t\t\t<div class=\"elementor-widget-container\">\n\t\t\t\t\t<h4 class=\"elementor-heading-title elementor-size-default\">Then join us on 16.09.2023 at the career information day of the L\u00e4nderbahn in Neumark<\/h4>\t\t\t\t<\/div>\n\t\t\t\t<\/div>\n\t\t\t\t\t<\/div>\n\t\t<\/div>\n\t\t\t\t\t<\/div>\n\t\t<\/section>\n\t\t<div class=\"elementor-element elementor-element-dba0842 e-flex e-con-boxed e-con e-parent\" data-id=\"dba0842\" data-element_type=\"container\">\n\t\t\t\t\t<div class=\"e-con-inner\">\n\t\t\t\t<div class=\"elementor-element elementor-element-b5ddfa7 elementor-widget elementor-widget-text-editor\" data-id=\"b5ddfa7\" data-element_type=\"widget\" data-widget_type=\"text-editor.default\">\n\t\t\t\t<div class=\"elementor-widget-container\">\n\t\t\t\t\t\t\t\t\t<p style=\"margin: 0.4em 0px 0.7em; text-align: left;\"><span style=\"font-family: Open Sans, Arial, sans-serif;\"><span style=\"font-size: 14.6667px;\">You like to sit in the front? We still have<\/span><\/span><span style=\"font-size: 14.6667px; font-family: 'Open Sans', Arial, sans-serif; color: var( --e-global-color-text ); font-weight: var( --e-global-typography-text-font-weight ); text-align: var(--text-align); background-color: var( --e-global-color-284a556 );\">\u00a0Seat in the driver's cab of our\u00a0<\/span><span style=\"font-size: 14.6667px; font-family: 'Open Sans', Arial, sans-serif; color: var( --e-global-color-text ); font-weight: var( --e-global-typography-text-font-weight ); text-align: var(--text-align); background-color: var( --e-global-color-284a556 );\">extravagant company car! If you also like crazy\u00a0<\/span><span style=\"font-size: 14.6667px; font-family: 'Open Sans', Arial, sans-serif; color: var( --e-global-color-text ); font-weight: var( --e-global-typography-text-font-weight ); text-align: var(--text-align); background-color: var( --e-global-color-284a556 );\">Lots of horsepower, lots of steel under the butt\u00a0<\/span><span style=\"font-size: 14.6667px; font-family: 'Open Sans', Arial, sans-serif; color: var( --e-global-color-text ); font-weight: var( --e-global-typography-text-font-weight ); text-align: var(--text-align); background-color: var( --e-global-color-284a556 );\">and ample responsibility, then<\/span><span style=\"color: var( --e-global-color-text ); font-weight: var( --e-global-typography-text-font-weight ); text-align: var(--text-align); font-size: 14.6667px; font-family: 'Open Sans', Arial, sans-serif; background-color: var( --e-global-color-284a556 );\">\u00a0i<\/span><span style=\"color: var( --e-global-color-text ); font-weight: var( --e-global-typography-text-font-weight ); text-align: var(--text-align); background-color: var( --e-global-color-284a556 ); font-size: 1rem; font-family: 'Open Sans', Arial, sans-serif;\"><span style=\"font-size: 14.6667px;\">st a vocational training\u00a0<\/span><\/span><span style=\"color: var( --e-global-color-text ); font-weight: var( --e-global-typography-text-font-weight ); text-align: var(--text-align); font-size: 14.6667px; font-family: 'Open Sans', Arial, sans-serif; background-color: var( --e-global-color-284a556 );\">as a train driver (m|w|d) may be just the thing for you!<\/span><\/p><p style=\"margin: 0.4em 0px 0.7em;\"><span style=\"color: var( --e-global-color-text ); font-weight: var( --e-global-typography-text-font-weight ); text-align: var(--text-align); font-size: 14.6667px; font-family: 'Open Sans', Arial, sans-serif; background-color: var( --e-global-color-284a556 );\">Find out at the career information day of the L\u00e4nderbahn in Saxony. Neumark - our training partner for prospective railwaymen (m|w|d) in operational service. <\/span><\/p><p style=\"margin: 0.4em 0px 0.7em;\"><span style=\"color: var( --e-global-color-text ); font-weight: var( --e-global-typography-text-font-weight ); text-align: var(--text-align); font-size: 14.6667px; font-family: 'Open Sans', Arial, sans-serif; background-color: var( --e-global-color-284a556 );\"><strong>Of course, you'll travel with us in style in the railcar.\u00a0<\/strong><\/span><span style=\"font-family: 'Open Sans', Arial, sans-serif; font-size: 14.6667px; font-weight: bolder; color: var( --e-global-color-text ); text-align: var(--text-align); background-color: var( --e-global-color-284a556 );\">of course<\/span><span style=\"font-family: 'Open Sans', Arial, sans-serif; font-size: 14.6667px; font-weight: bolder; color: var( --e-global-color-text ); text-align: var(--text-align); background-color: var( --e-global-color-284a556 );\">\u00a0<\/span><strong style=\"color: var( --e-global-color-text ); font-family: 'Open Sans', Arial, sans-serif; font-size: 14.6667px; text-align: var(--text-align);\">this service is free of charge for you!<\/strong><\/p>\t\t\t\t\t\t\t\t<\/div>\n\t\t\t\t<\/div>\n\t\t\t\t<div class=\"elementor-element elementor-element-d808705 elementor-widget elementor-widget-button\" data-id=\"d808705\" data-element_type=\"widget\" data-widget_type=\"button.default\">\n\t\t\t\t<div class=\"elementor-widget-container\">\n\t\t\t\t\t\t\t\t\t<div class=\"elementor-button-wrapper\">\n\t\t\t\t\t<a class=\"elementor-button elementor-button-link elementor-size-sm\" href=\"https:\/\/eveeno.com\/cbc-berufsinformationstag\" target=\"_blank\">\n\t\t\t\t\t\t<span class=\"elementor-button-content-wrapper\">\n\t\t\t\t\t\t\t\t\t<span class=\"elementor-button-text\">Register now for 16.09.2023 \"<\/span>\n\t\t\t\t\t<\/span>\n\t\t\t\t\t<\/a>\n\t\t\t\t<\/div>\n\t\t\t\t\t\t\t\t<\/div>\n\t\t\t\t<\/div>\n\t\t\t\t<div class=\"elementor-element elementor-element-bc99957 elementor-widget elementor-widget-text-editor\" data-id=\"bc99957\" data-element_type=\"widget\" data-widget_type=\"text-editor.default\">\n\t\t\t\t<div class=\"elementor-widget-container\">\n\t\t\t\t\t\t\t\t\t<p><span style=\"font-size: 11pt;\">The\u00a0<span style=\"font-weight: bolder;\">L\u00e4nderbahn GmbH DLB<\/span>\u00a0and the\u00a0<span style=\"font-weight: bolder;\">City-Bahn Chemnitz GmbH<\/span>\u00a0are a strong team in the qualification of our own operational staff. A look behind the scenes of our two railway companies is therefore worthwhile for all those who are themselves considering a professional career as a railway worker.<\/span><\/p>\n<p style=\"margin: 0.4em 0px 0.7em; font-family: 'Open Sans', Arial, sans-serif;\"><span style=\"font-size: 11pt;\">The\u00a0<span style=\"font-weight: bolder;\">The offer is therefore also primarily aimed at pupils of the\u00a0<u>Grades 9 - 12<\/u><\/span>who are interested in the fascinating world of railways and want to get a taste of the practical side of things. But potential career changers are also very welcome. As the event is usually in high demand, the L\u00e4nderbahn asks for\u00a0<span style=\"font-weight: bolder;\">prior registration under: <\/span><a style=\"color: #0563c1; text-decoration-line: underline; cursor: pointer;\" href=\"https:\/\/www.laenderbahn.com\/berufsinformationstag-in-neumark\" target=\"_blank\" rel=\"noopener\" data-cke-saved-href=\"https:\/\/www.laenderbahn.com\/berufsinformationstag-in-neumark\">https:\/\/www.laenderbahn.com\/berufsinformationstag-in-neumark<\/a><\/span><\/p>\t\t\t\t\t\t\t\t<\/div>\n\t\t\t\t<\/div>\n\t\t\t\t<div class=\"elementor-element elementor-element-36add80 elementor-widget elementor-widget-text-editor\" data-id=\"36add80\" data-element_type=\"widget\" data-widget_type=\"text-editor.default\">\n\t\t\t\t<div class=\"elementor-widget-container\">\n\t\t\t\t\t\t\t\t\t<h3 style=\"margin: 0.4em 0px 0.7em; font-family: 'Open Sans', Arial, sans-serif;\"><span style=\"font-size: 14.6667px;\"><b><u>What awaits you<\/u>:<\/b><\/span><\/h3>\n<p style=\"margin: 0.4em 0px 0.7em; font-family: 'Open Sans', Arial, sans-serif;\"><strong>Morning:<\/strong>\u00a0<\/p>\n<ul>\n<li style=\"font-family: 'Open Sans', Arial, sans-serif;\">Presentation of the L\u00e4nderbahn \/ City-Bahn Chemnitz GmbH and their apprenticeships<\/li>\n<\/ul>\n<p>\u00a0<\/p>\n<p><strong>Afternoon: <\/strong><\/p>\n<ul>\n<li>Experience the railway:\n<ul>\n<li>Driving simulator,<\/li>\n<li>Shunting,<\/li>\n<li>Driver's cab ride,<\/li>\n<li>Applicant training,<\/li>\n<li>Open exchange with the trainees<\/li>\n<\/ul>\n<\/li>\n<\/ul>\t\t\t\t\t\t\t\t<\/div>\n\t\t\t\t<\/div>\n\t\t\t\t<div class=\"elementor-element elementor-element-ccfe294 elementor-widget elementor-widget-text-editor\" data-id=\"ccfe294\" data-element_type=\"widget\" data-widget_type=\"text-editor.default\">\n\t\t\t\t<div class=\"elementor-widget-container\">\n\t\t\t\t\t\t\t\t\t<p>\u00a0<\/p>\n<p><span style=\"text-decoration: underline;\"><strong><span style=\"font-size: 14.6667px;\">Our free shuttle service<\/span><\/strong><\/span><strong><span style=\"font-size: 14.6667px;\">:<\/span><\/strong><\/p>\t\t\t\t\t\t\t\t<\/div>\n\t\t\t\t<\/div>\n\t\t<div class=\"elementor-element elementor-element-498d63a e-flex e-con-boxed e-con e-child\" data-id=\"498d63a\" data-element_type=\"container\">\n\t\t\t\t\t<div class=\"e-con-inner\">\n\t\t<div class=\"elementor-element elementor-element-5001b5d e-con-full e-flex e-con e-child\" data-id=\"5001b5d\" data-element_type=\"container\">\n\t\t\t\t<div class=\"elementor-element elementor-element-8de655e elementor-widget elementor-widget-text-editor\" data-id=\"8de655e\" data-element_type=\"widget\" data-widget_type=\"text-editor.default\">\n\t\t\t\t<div class=\"elementor-widget-container\">\n\t\t\t\t\t\t\t\t\t<p style=\"margin: 0.4em 0px 0.7em; font-family: 'Open Sans', Arial, sans-serif;\"><span style=\"font-weight: bolder;\"><u>Outward journey<\/u>:<\/span><\/p><table class=\"cke_show_border\" style=\"font-family: 'Open Sans', Arial, sans-serif; font-size: 16px;\" cellspacing=\"1\" cellpadding=\"1\"><tbody><tr><td style=\"padding: 0px;\"><span style=\"font-weight: bolder;\">Stollberg<\/span>\u00a0as of:<\/td><td style=\"padding: 0px;\">07:22<\/td><\/tr><tr><td style=\"padding: 0px;\">Jahnsdorf:<\/td><td style=\"padding: 0px;\">07:32 h<\/td><\/tr><tr><td style=\"padding: 0px;\">Neukirchen off:<\/td><td style=\"padding: 0px;\">07:37 h<\/td><\/tr><tr><td style=\"padding: 0px;\"><span style=\"font-weight: bolder;\">Chemnitz main station<\/span>\u00a0as of:<\/td><td style=\"padding: 0px;\">08:10<\/td><\/tr><tr><td style=\"padding: 0px;\">Glauchau off:<\/td><td style=\"padding: 0px;\">08:34<\/td><\/tr><tr><td style=\"padding: 0px;\"><span style=\"font-weight: bolder;\">Neumark<\/span>\u00a0an:\u00a0<\/td><td style=\"padding: 0px;\">09:04<\/td><\/tr><\/tbody><\/table>\t\t\t\t\t\t\t\t<\/div>\n\t\t\t\t<\/div>\n\t\t\t\t<\/div>\n\t\t<div class=\"elementor-element elementor-element-f3819bd e-con-full e-flex e-con e-child\" data-id=\"f3819bd\" data-element_type=\"container\">\n\t\t\t\t<div class=\"elementor-element elementor-element-467c72d elementor-widget elementor-widget-text-editor\" data-id=\"467c72d\" data-element_type=\"widget\" data-widget_type=\"text-editor.default\">\n\t\t\t\t<div class=\"elementor-widget-container\">\n\t\t\t\t\t\t\t\t\t<p style=\"margin: 0.4em 0px 0.7em; font-family: 'Open Sans', Arial, sans-serif;\"><u style=\"font-weight: bolder; color: var( --e-global-color-text ); text-align: var(--text-align); background-color: var( --e-global-color-284a556 ); font-size: 1rem;\">Return journey<\/u><span style=\"font-weight: bolder; color: var( --e-global-color-text ); text-align: var(--text-align); background-color: var( --e-global-color-284a556 ); font-size: 1rem;\">:<\/span><\/p><table class=\"cke_show_border\" style=\"font-family: 'Open Sans', Arial, sans-serif; font-size: 16px;\" border=\"0\" cellspacing=\"1\" cellpadding=\"1\"><tbody><tr><td style=\"padding: 0px;\"><span style=\"font-weight: bolder;\">Neumark<\/span>\u00a0as of:\u00a0<\/td><td style=\"padding: 0px;\">15:30 h<\/td><\/tr><tr><td style=\"padding: 0px;\">Glauchau an:<\/td><td style=\"padding: 0px;\">15:59<\/td><\/tr><tr><td style=\"padding: 0px;\"><span style=\"font-weight: bolder;\">Chemnitz main station<\/span>\u00a0an:<\/td><td style=\"padding: 0px;\">16:30<\/td><\/tr><tr><td style=\"padding: 0px;\">Neukirchen an:<\/td><td style=\"padding: 0px;\">17:12<\/td><\/tr><tr><td style=\"padding: 0px;\">Jahnsdorf on:<\/td><td style=\"padding: 0px;\">17:16<\/td><\/tr><tr><td style=\"padding: 0px;\"><span style=\"font-weight: bolder;\">Stollberg\u00a0<\/span>an:<\/td><td style=\"padding: 0px;\"><p>17:27<\/p><\/td><\/tr><\/tbody><\/table>\t\t\t\t\t\t\t\t<\/div>\n\t\t\t\t<\/div>\n\t\t\t\t<\/div>\n\t\t\t\t\t<\/div>\n\t\t\t\t<\/div>\n\t\t\t\t<div class=\"elementor-element elementor-element-8b540e9 elementor-widget elementor-widget-button\" data-id=\"8b540e9\" data-element_type=\"widget\" data-widget_type=\"button.default\">\n\t\t\t\t<div class=\"elementor-widget-container\">\n\t\t\t\t\t\t\t\t\t<div class=\"elementor-button-wrapper\">\n\t\t\t\t\t<a class=\"elementor-button elementor-button-link elementor-size-sm\" href=\"https:\/\/eveeno.com\/cbc-berufsinformationstag\" target=\"_blank\">\n\t\t\t\t\t\t<span class=\"elementor-button-content-wrapper\">\n\t\t\t\t\t\t\t\t\t<span class=\"elementor-button-text\">Register now for 16.09.2023 \"<\/span>\n\t\t\t\t\t<\/span>\n\t\t\t\t\t<\/a>\n\t\t\t\t<\/div>\n\t\t\t\t\t\t\t\t<\/div>\n\t\t\t\t<\/div>\n\t\t\t\t<div class=\"elementor-element elementor-element-ffa72c0 elementor-widget elementor-widget-text-editor\" data-id=\"ffa72c0\" data-element_type=\"widget\" data-widget_type=\"text-editor.default\">\n\t\t\t\t<div class=\"elementor-widget-container\">\n\t\t\t\t\t\t\t\t\t<p style=\"margin: 0.4em 0px 0.7em; font-family: 'Open Sans', Arial, sans-serif;\"><span style=\"font-weight: bolder;\"><span style=\"font-size: 11pt;\">Due to limited transport capacity, confirmed pre-registration is required by 15 September 2023 at the latest (subject to available ticket contingent). Please use our booking portal set up specifically for this purpose. However, prior event registration with the L\u00e4nderbahn is a prerequisite in any case.<\/span><\/span><\/p>\n<p style=\"margin: 0.4em 0px 0.7em; font-family: 'Open Sans', Arial, sans-serif;\"><span style=\"font-size: 11pt;\">Please reserve out of consideration for other interested parties <u><span style=\"font-weight: bolder;\">only as many tickets as you actually need<\/span><\/u>. Tickets that become available (if cancelled in time) will automatically benefit other participants on the waiting list. <span style=\"font-weight: bolder;\">Thank you for your understanding<\/span>.<\/span><\/p>\t\t\t\t\t\t\t\t<\/div>\n\t\t\t\t<\/div>\n\t\t\t\t<div class=\"elementor-element elementor-element-9e54b46 elementor-widget elementor-widget-text-editor\" data-id=\"9e54b46\" data-element_type=\"widget\" data-widget_type=\"text-editor.default\">\n\t\t\t\t<div class=\"elementor-widget-container\">\n\t\t\t\t\t\t\t\t\t<h3 style=\"margin: 0.4em 0px 0.7em; font-family: 'Open Sans', Arial, sans-serif;\"><strong><span style=\"font-size: 14.6667px;\">Impressions of the last event:<\/span><\/strong><\/h3>\t\t\t\t\t\t\t\t<\/div>\n\t\t\t\t<\/div>\n\t\t\t\t<div class=\"elementor-element elementor-element-53e2a72 elementor-widget elementor-widget-gallery\" data-id=\"53e2a72\" data-element_type=\"widget\" data-settings=\"{&quot;lazyload&quot;:&quot;yes&quot;,&quot;gallery_layout&quot;:&quot;grid&quot;,&quot;columns&quot;:4,&quot;columns_tablet&quot;:2,&quot;columns_mobile&quot;:1,&quot;gap&quot;:{&quot;unit&quot;:&quot;px&quot;,&quot;size&quot;:10,&quot;sizes&quot;:[]},&quot;gap_tablet&quot;:{&quot;unit&quot;:&quot;px&quot;,&quot;size&quot;:10,&quot;sizes&quot;:[]},&quot;gap_mobile&quot;:{&quot;unit&quot;:&quot;px&quot;,&quot;size&quot;:10,&quot;sizes&quot;:[]},&quot;link_to&quot;:&quot;file&quot;,&quot;aspect_ratio&quot;:&quot;3:2&quot;,&quot;overlay_background&quot;:&quot;yes&quot;,&quot;content_hover_animation&quot;:&quot;fade-in&quot;}\" data-widget_type=\"gallery.default\">\n\t\t\t\t<div class=\"elementor-widget-container\">\n\t\t\t\t\t\t\t<div class=\"elementor-gallery__container\">\n\t\t\t\t\t\t\t<a class=\"e-gallery-item elementor-gallery-item elementor-animated-content\" href=\"https:\/\/www.city-bahn.de\/wp-content\/uploads\/2023\/08\/Neumark-3.jpg\" data-elementor-open-lightbox=\"yes\" data-elementor-lightbox-slideshow=\"53e2a72\" data-elementor-lightbox-title=\"Neumark 3\" data-elementor-lightbox-description=\"Nahaufnahme eines freundlich in die Kamera schauenden Mitarbeiters der City-Bahn Chemnitz GmbH\" data-e-action-hash=\"#elementor-action%3Aaction%3Dlightbox%26settings%3DeyJpZCI6MzYxMCwidXJsIjoiaHR0cHM6XC9cL3d3dy5jaXR5LWJhaG4uZGVcL3dwLWNvbnRlbnRcL3VwbG9hZHNcLzIwMjNcLzA4XC9OZXVtYXJrLTMuanBnIiwic2xpZGVzaG93IjoiNTNlMmE3MiJ9\">\n\t\t\t\t\t<div class=\"e-gallery-image elementor-gallery-item__image\" data-thumbnail=\"https:\/\/www.city-bahn.de\/wp-content\/uploads\/2023\/08\/Neumark-3-300x200.jpg\" data-width=\"300\" data-height=\"200\" aria-label=\"Nahaufnahme eines freundlich in die Kamera schauenden Mitarbeiters der City-Bahn Chemnitz GmbH\" role=\"img\" ><\/div>\n\t\t\t\t\t\t\t\t\t\t\t<div class=\"elementor-gallery-item__overlay\"><\/div>\n\t\t\t\t\t\t\t\t\t\t\t\t\t\t<\/a>\n\t\t\t\t\t\t\t<a class=\"e-gallery-item elementor-gallery-item elementor-animated-content\" href=\"https:\/\/www.city-bahn.de\/wp-content\/uploads\/2023\/08\/bearbeitet_IMG_2744-scaled.jpg\" data-elementor-open-lightbox=\"yes\" data-elementor-lightbox-slideshow=\"53e2a72\" data-elementor-lightbox-title=\"Bearbeitet IMG 2744\" data-elementor-lightbox-description=\"Blick in den F\u00fchrerstand des Regioshuttles\" data-e-action-hash=\"#elementor-action%3Aaction%3Dlightbox%26settings%3DeyJpZCI6MzY5MSwidXJsIjoiaHR0cHM6XC9cL3d3dy5jaXR5LWJhaG4uZGVcL3dwLWNvbnRlbnRcL3VwbG9hZHNcLzIwMjNcLzA4XC9iZWFyYmVpdGV0X0lNR18yNzQ0LXNjYWxlZC5qcGciLCJzbGlkZXNob3ciOiI1M2UyYTcyIn0%3D\">\n\t\t\t\t\t<div class=\"e-gallery-image elementor-gallery-item__image\" data-thumbnail=\"https:\/\/www.city-bahn.de\/wp-content\/uploads\/2023\/08\/bearbeitet_IMG_2744-300x225.jpg\" data-width=\"300\" data-height=\"225\" aria-label=\"Blick in den F\u00fchrerstand des Regioshuttles\" role=\"img\" ><\/div>\n\t\t\t\t\t\t\t\t\t\t\t<div class=\"elementor-gallery-item__overlay\"><\/div>\n\t\t\t\t\t\t\t\t\t\t\t\t\t\t<\/a>\n\t\t\t\t\t\t\t<a class=\"e-gallery-item elementor-gallery-item elementor-animated-content\" href=\"https:\/\/www.city-bahn.de\/wp-content\/uploads\/2023\/08\/bearbeitet_DSCF8983-scaled.jpg\" data-elementor-open-lightbox=\"yes\" data-elementor-lightbox-slideshow=\"53e2a72\" data-elementor-lightbox-title=\"Bearbeitet DSCF8983\" data-elementor-lightbox-description=\"Nachaufnahme F\u00fchrerstand Regioshuttle\" data-e-action-hash=\"#elementor-action%3Aaction%3Dlightbox%26settings%3DeyJpZCI6MzY4NSwidXJsIjoiaHR0cHM6XC9cL3d3dy5jaXR5LWJhaG4uZGVcL3dwLWNvbnRlbnRcL3VwbG9hZHNcLzIwMjNcLzA4XC9iZWFyYmVpdGV0X0RTQ0Y4OTgzLXNjYWxlZC5qcGciLCJzbGlkZXNob3ciOiI1M2UyYTcyIn0%3D\">\n\t\t\t\t\t<div class=\"e-gallery-image elementor-gallery-item__image\" data-thumbnail=\"https:\/\/www.city-bahn.de\/wp-content\/uploads\/2023\/08\/bearbeitet_DSCF8983-300x200.jpg\" data-width=\"300\" data-height=\"200\" aria-label=\"Nachaufnahme F\u00fchrerstand Regioshuttle\" role=\"img\" ><\/div>\n\t\t\t\t\t\t\t\t\t\t\t<div class=\"elementor-gallery-item__overlay\"><\/div>\n\t\t\t\t\t\t\t\t\t\t\t\t\t\t<\/a>\n\t\t\t\t\t\t\t<a class=\"e-gallery-item elementor-gallery-item elementor-animated-content\" href=\"https:\/\/www.city-bahn.de\/wp-content\/uploads\/2023\/08\/Neumark-2.jpg\" data-elementor-open-lightbox=\"yes\" data-elementor-lightbox-slideshow=\"53e2a72\" data-elementor-lightbox-title=\"Neumark 2\" data-elementor-lightbox-description=\"Eine Gruppe von Interessierten Menschen betritt den Regioshuttle\" data-e-action-hash=\"#elementor-action%3Aaction%3Dlightbox%26settings%3DeyJpZCI6MzYwOSwidXJsIjoiaHR0cHM6XC9cL3d3dy5jaXR5LWJhaG4uZGVcL3dwLWNvbnRlbnRcL3VwbG9hZHNcLzIwMjNcLzA4XC9OZXVtYXJrLTIuanBnIiwic2xpZGVzaG93IjoiNTNlMmE3MiJ9\">\n\t\t\t\t\t<div class=\"e-gallery-image elementor-gallery-item__image\" data-thumbnail=\"https:\/\/www.city-bahn.de\/wp-content\/uploads\/2023\/08\/Neumark-2-300x225.jpg\" data-width=\"300\" data-height=\"225\" aria-label=\"Eine Gruppe von Interessierten Menschen betritt den Regioshuttle\" role=\"img\" ><\/div>\n\t\t\t\t\t\t\t\t\t\t\t<div class=\"elementor-gallery-item__overlay\"><\/div>\n\t\t\t\t\t\t\t\t\t\t\t\t\t\t<\/a>\n\t\t\t\t\t\t\t<a class=\"e-gallery-item elementor-gallery-item elementor-animated-content\" href=\"https:\/\/www.city-bahn.de\/wp-content\/uploads\/2023\/08\/bearbeitet_IMG_2685-scaled.jpg\" data-elementor-open-lightbox=\"yes\" data-elementor-lightbox-slideshow=\"53e2a72\" data-elementor-lightbox-title=\"Bearbeitet IMG 2685\" data-elementor-lightbox-description=\"Menschen vor einem Geb\u00e4ude (Raucherpause)\" data-e-action-hash=\"#elementor-action%3Aaction%3Dlightbox%26settings%3DeyJpZCI6MzY5MCwidXJsIjoiaHR0cHM6XC9cL3d3dy5jaXR5LWJhaG4uZGVcL3dwLWNvbnRlbnRcL3VwbG9hZHNcLzIwMjNcLzA4XC9iZWFyYmVpdGV0X0lNR18yNjg1LXNjYWxlZC5qcGciLCJzbGlkZXNob3ciOiI1M2UyYTcyIn0%3D\">\n\t\t\t\t\t<div class=\"e-gallery-image elementor-gallery-item__image\" data-thumbnail=\"https:\/\/www.city-bahn.de\/wp-content\/uploads\/2023\/08\/bearbeitet_IMG_2685-247x300.jpg\" data-width=\"247\" data-height=\"300\" aria-label=\"Menschen vor einem Geb\u00e4ude (Raucherpause)\" role=\"img\" ><\/div>\n\t\t\t\t\t\t\t\t\t\t\t<div class=\"elementor-gallery-item__overlay\"><\/div>\n\t\t\t\t\t\t\t\t\t\t\t\t\t\t<\/a>\n\t\t\t\t\t\t\t<a class=\"e-gallery-item elementor-gallery-item elementor-animated-content\" href=\"https:\/\/www.city-bahn.de\/wp-content\/uploads\/2023\/08\/bearbeitet_IMG_2669-scaled.jpg\" data-elementor-open-lightbox=\"yes\" data-elementor-lightbox-slideshow=\"53e2a72\" data-elementor-lightbox-title=\"Bearbeitet IMG 2669\" data-elementor-lightbox-description=\"Unterrichtssituation: Ausbildung neuer Triebfahrzeugf\u00fchrer\" data-e-action-hash=\"#elementor-action%3Aaction%3Dlightbox%26settings%3DeyJpZCI6MzY4OSwidXJsIjoiaHR0cHM6XC9cL3d3dy5jaXR5LWJhaG4uZGVcL3dwLWNvbnRlbnRcL3VwbG9hZHNcLzIwMjNcLzA4XC9iZWFyYmVpdGV0X0lNR18yNjY5LXNjYWxlZC5qcGciLCJzbGlkZXNob3ciOiI1M2UyYTcyIn0%3D\">\n\t\t\t\t\t<div class=\"e-gallery-image elementor-gallery-item__image\" data-thumbnail=\"https:\/\/www.city-bahn.de\/wp-content\/uploads\/2023\/08\/bearbeitet_IMG_2669-300x225.jpg\" data-width=\"300\" data-height=\"225\" aria-label=\"Unterrichtssituation: Ausbildung neuer Triebfahrzeugf\u00fchrer\" role=\"img\" ><\/div>\n\t\t\t\t\t\t\t\t\t\t\t<div class=\"elementor-gallery-item__overlay\"><\/div>\n\t\t\t\t\t\t\t\t\t\t\t\t\t\t<\/a>\n\t\t\t\t\t\t\t<a class=\"e-gallery-item elementor-gallery-item elementor-animated-content\" href=\"https:\/\/www.city-bahn.de\/wp-content\/uploads\/2023\/08\/bearbeitet_IMG_2659-scaled.jpg\" data-elementor-open-lightbox=\"yes\" data-elementor-lightbox-slideshow=\"53e2a72\" data-elementor-lightbox-title=\"Bearbeitet IMG 2659\" data-elementor-lightbox-description=\"Der Regioshuttle in Neumark\" data-e-action-hash=\"#elementor-action%3Aaction%3Dlightbox%26settings%3DeyJpZCI6MzY4OCwidXJsIjoiaHR0cHM6XC9cL3d3dy5jaXR5LWJhaG4uZGVcL3dwLWNvbnRlbnRcL3VwbG9hZHNcLzIwMjNcLzA4XC9iZWFyYmVpdGV0X0lNR18yNjU5LXNjYWxlZC5qcGciLCJzbGlkZXNob3ciOiI1M2UyYTcyIn0%3D\">\n\t\t\t\t\t<div class=\"e-gallery-image elementor-gallery-item__image\" data-thumbnail=\"https:\/\/www.city-bahn.de\/wp-content\/uploads\/2023\/08\/bearbeitet_IMG_2659-300x225.jpg\" data-width=\"300\" data-height=\"225\" aria-label=\"Der Regioshuttle in Neumark\" role=\"img\" ><\/div>\n\t\t\t\t\t\t\t\t\t\t\t<div class=\"elementor-gallery-item__overlay\"><\/div>\n\t\t\t\t\t\t\t\t\t\t\t\t\t\t<\/a>\n\t\t\t\t\t\t\t<a class=\"e-gallery-item elementor-gallery-item elementor-animated-content\" href=\"https:\/\/www.city-bahn.de\/wp-content\/uploads\/2023\/08\/bearbeitet_IMG_2657-scaled.jpg\" data-elementor-open-lightbox=\"yes\" data-elementor-lightbox-slideshow=\"53e2a72\" data-elementor-lightbox-title=\"Bearbeitet IMG 2657\" data-elementor-lightbox-description=\"Waggon mit der Aufschrift &quot;Eisenbahnschule&quot;\" data-e-action-hash=\"#elementor-action%3Aaction%3Dlightbox%26settings%3DeyJpZCI6MzY4NywidXJsIjoiaHR0cHM6XC9cL3d3dy5jaXR5LWJhaG4uZGVcL3dwLWNvbnRlbnRcL3VwbG9hZHNcLzIwMjNcLzA4XC9iZWFyYmVpdGV0X0lNR18yNjU3LXNjYWxlZC5qcGciLCJzbGlkZXNob3ciOiI1M2UyYTcyIn0%3D\">\n\t\t\t\t\t<div class=\"e-gallery-image elementor-gallery-item__image\" data-thumbnail=\"https:\/\/www.city-bahn.de\/wp-content\/uploads\/2023\/08\/bearbeitet_IMG_2657-300x225.jpg\" data-width=\"300\" data-height=\"225\" aria-label=\"Waggon mit der Aufschrift &quot;Eisenbahnschule&quot;\" role=\"img\" ><\/div>\n\t\t\t\t\t\t\t\t\t\t\t<div class=\"elementor-gallery-item__overlay\"><\/div>\n\t\t\t\t\t\t\t\t\t\t\t\t\t\t<\/a>\n\t\t\t\t\t\t\t<a class=\"e-gallery-item elementor-gallery-item elementor-animated-content\" href=\"https:\/\/www.city-bahn.de\/wp-content\/uploads\/2023\/08\/bearbeitet_DSCF8988-scaled.jpg\" data-elementor-open-lightbox=\"yes\" data-elementor-lightbox-slideshow=\"53e2a72\" data-elementor-lightbox-title=\"Bearbeitet DSCF8988\" data-elementor-lightbox-description=\"Abbildung eines Infostands der City-Bahn Chemnitz vor einer Lok der L\u00e4nderbahn\" data-e-action-hash=\"#elementor-action%3Aaction%3Dlightbox%26settings%3DeyJpZCI6MzY4NiwidXJsIjoiaHR0cHM6XC9cL3d3dy5jaXR5LWJhaG4uZGVcL3dwLWNvbnRlbnRcL3VwbG9hZHNcLzIwMjNcLzA4XC9iZWFyYmVpdGV0X0RTQ0Y4OTg4LXNjYWxlZC5qcGciLCJzbGlkZXNob3ciOiI1M2UyYTcyIn0%3D\">\n\t\t\t\t\t<div class=\"e-gallery-image elementor-gallery-item__image\" data-thumbnail=\"https:\/\/www.city-bahn.de\/wp-content\/uploads\/2023\/08\/bearbeitet_DSCF8988-300x200.jpg\" data-width=\"300\" data-height=\"200\" aria-label=\"Abbildung eines Infostands der City-Bahn Chemnitz vor einer Lok der L\u00e4nderbahn\" role=\"img\" ><\/div>\n\t\t\t\t\t\t\t\t\t\t\t<div class=\"elementor-gallery-item__overlay\"><\/div>\n\t\t\t\t\t\t\t\t\t\t\t\t\t\t<\/a>\n\t\t\t\t\t\t\t<a class=\"e-gallery-item elementor-gallery-item elementor-animated-content\" href=\"https:\/\/www.city-bahn.de\/wp-content\/uploads\/2023\/08\/Neumark-1.jpg\" data-elementor-open-lightbox=\"yes\" data-elementor-lightbox-slideshow=\"53e2a72\" data-elementor-lightbox-title=\"Neumark 1\" data-elementor-lightbox-description=\"Gruppenfoto einer Ausbildungsklasse vor dem Regioshuttle in Neumark\" data-e-action-hash=\"#elementor-action%3Aaction%3Dlightbox%26settings%3DeyJpZCI6MzYwOCwidXJsIjoiaHR0cHM6XC9cL3d3dy5jaXR5LWJhaG4uZGVcL3dwLWNvbnRlbnRcL3VwbG9hZHNcLzIwMjNcLzA4XC9OZXVtYXJrLTEuanBnIiwic2xpZGVzaG93IjoiNTNlMmE3MiJ9\">\n\t\t\t\t\t<div class=\"e-gallery-image elementor-gallery-item__image\" data-thumbnail=\"https:\/\/www.city-bahn.de\/wp-content\/uploads\/2023\/08\/Neumark-1-300x200.jpg\" data-width=\"300\" data-height=\"200\" aria-label=\"Gruppenfoto einer Ausbildungsklasse vor dem Regioshuttle in Neumark\" role=\"img\" ><\/div>\n\t\t\t\t\t\t\t\t\t\t\t<div class=\"elementor-gallery-item__overlay\"><\/div>\n\t\t\t\t\t\t\t\t\t\t\t\t\t\t<\/a>\n\t\t\t\t\t\t\t<a class=\"e-gallery-item elementor-gallery-item elementor-animated-content\" href=\"https:\/\/www.city-bahn.de\/wp-content\/uploads\/2023\/08\/bearbeitet_IMG_2780-1-scaled.jpg\" data-elementor-open-lightbox=\"yes\" data-elementor-lightbox-slideshow=\"53e2a72\" data-elementor-lightbox-title=\"Bearbeitet IMG 2780\" data-elementor-lightbox-description=\"Waschstra\u00dfe f\u00fcr Stra\u00dfenbahnen bei der CVAG\" data-e-action-hash=\"#elementor-action%3Aaction%3Dlightbox%26settings%3DeyJpZCI6MzcwMSwidXJsIjoiaHR0cHM6XC9cL3d3dy5jaXR5LWJhaG4uZGVcL3dwLWNvbnRlbnRcL3VwbG9hZHNcLzIwMjNcLzA4XC9iZWFyYmVpdGV0X0lNR18yNzgwLTEtc2NhbGVkLmpwZyIsInNsaWRlc2hvdyI6IjUzZTJhNzIifQ%3D%3D\">\n\t\t\t\t\t<div class=\"e-gallery-image elementor-gallery-item__image\" data-thumbnail=\"https:\/\/www.city-bahn.de\/wp-content\/uploads\/2023\/08\/bearbeitet_IMG_2780-1-225x300.jpg\" data-width=\"225\" data-height=\"300\" aria-label=\"Waschstra\u00dfe f\u00fcr Stra\u00dfenbahnen bei der CVAG\" role=\"img\" ><\/div>\n\t\t\t\t\t\t\t\t\t\t\t<div class=\"elementor-gallery-item__overlay\"><\/div>\n\t\t\t\t\t\t\t\t\t\t\t\t\t\t<\/a>\n\t\t\t\t\t\t\t<a class=\"e-gallery-item elementor-gallery-item elementor-animated-content\" href=\"https:\/\/www.city-bahn.de\/wp-content\/uploads\/2023\/08\/bearbeitet_DSCF8980-scaled.jpg\" data-elementor-open-lightbox=\"yes\" data-elementor-lightbox-slideshow=\"53e2a72\" data-elementor-lightbox-title=\"Bearbeitet DSCF8980\" data-elementor-lightbox-description=\"Ausbildungssituation im F\u00fchrerstand eines Regioshuttle\" data-e-action-hash=\"#elementor-action%3Aaction%3Dlightbox%26settings%3DeyJpZCI6MzY4NCwidXJsIjoiaHR0cHM6XC9cL3d3dy5jaXR5LWJhaG4uZGVcL3dwLWNvbnRlbnRcL3VwbG9hZHNcLzIwMjNcLzA4XC9iZWFyYmVpdGV0X0RTQ0Y4OTgwLXNjYWxlZC5qcGciLCJzbGlkZXNob3ciOiI1M2UyYTcyIn0%3D\">\n\t\t\t\t\t<div class=\"e-gallery-image elementor-gallery-item__image\" data-thumbnail=\"https:\/\/www.city-bahn.de\/wp-content\/uploads\/2023\/08\/bearbeitet_DSCF8980-300x200.jpg\" data-width=\"300\" data-height=\"200\" aria-label=\"Ausbildungssituation im F\u00fchrerstand eines Regioshuttle\" role=\"img\" ><\/div>\n\t\t\t\t\t\t\t\t\t\t\t<div class=\"elementor-gallery-item__overlay\"><\/div>\n\t\t\t\t\t\t\t\t\t\t\t\t\t\t<\/a>\n\t\t\t\t\t<\/div>\n\t\t\t\t\t<\/div>\n\t\t\t\t<\/div>\n\t\t\t\t\t<\/div>\n\t\t\t\t<\/div>\n\t\t\t\t<\/div>","protected":false},"excerpt":{"rendered":"<p>Ride with us and our free shuttle to Neumark on 16.09.2023 for a taster day.<\/p>","protected":false},"author":3,"featured_media":3682,"comment_status":"closed","ping_status":"closed","sticky":false,"template":"","format":"standard","meta":{"_acf_changed":false,"footnotes":""},"categories":[39],"tags":[],"class_list":["post-3603","post","type-post","status-publish","format-standard","has-post-thumbnail","hentry","category-veranstaltungen"],"acf":[],"yoast_head":"<!-- This site is optimized with the Yoast SEO plugin v26.5 - https:\/\/yoast.com\/wordpress\/plugins\/seo\/ -->\n<title>Berufsinformationstag f\u00fcr angehende Eisenbahner &#187; City-Bahn Chemnitz<\/title>\n<meta name=\"description\" content=\"Fahre mit uns und unserem kostenfreien Shuttle am 16.09.2023 zum Schnuppertag nach Neumark.\" \/>\n<meta name=\"robots\" content=\"index, follow, max-snippet:-1, max-image-preview:large, max-video-preview:-1\" \/>\n<link rel=\"canonical\" href=\"https:\/\/www.city-bahn.de\/en\/berufsinformationstag-in-neumark\/\" \/>\n<meta property=\"og:locale\" content=\"en_GB\" \/>\n<meta property=\"og:type\" content=\"article\" \/>\n<meta property=\"og:title\" content=\"Berufsinformationstag f\u00fcr angehende Eisenbahner &#187; City-Bahn Chemnitz\" \/>\n<meta property=\"og:description\" content=\"Fahre mit uns und unserem kostenfreien Shuttle am 16.09.2023 zum Schnuppertag nach Neumark.\" \/>\n<meta property=\"og:url\" content=\"https:\/\/www.city-bahn.de\/en\/berufsinformationstag-in-neumark\/\" \/>\n<meta property=\"og:site_name\" content=\"City-Bahn Chemnitz\" \/>\n<meta property=\"article:publisher\" content=\"https:\/\/www.facebook.com\/city.bahn.chemnitz\" \/>\n<meta property=\"article:published_time\" content=\"2023-08-14T15:48:58+00:00\" \/>\n<meta property=\"article:modified_time\" content=\"2026-03-30T13:36:31+00:00\" \/>\n<meta property=\"og:image\" content=\"https:\/\/www.city-bahn.de\/wp-content\/uploads\/2023\/08\/Berufsinfotag-Neumark-CBC_V2.jpg\" \/>\n\t<meta property=\"og:image:width\" content=\"800\" \/>\n\t<meta property=\"og:image:height\" content=\"500\" \/>\n\t<meta property=\"og:image:type\" content=\"image\/jpeg\" \/>\n<meta name=\"author\" content=\"Stephan Baier\" \/>\n<meta name=\"twitter:card\" content=\"summary_large_image\" \/>\n<meta name=\"twitter:creator\" content=\"@citybahn\" \/>\n<meta name=\"twitter:site\" content=\"@citybahn\" \/>\n<meta name=\"twitter:label1\" content=\"Written by\" \/>\n\t<meta name=\"twitter:data1\" content=\"Stephan Baier\" \/>\n\t<meta name=\"twitter:label2\" content=\"Estimated reading time\" \/>\n\t<meta name=\"twitter:data2\" content=\"2 minutes\" \/>\n<script type=\"application\/ld+json\" class=\"yoast-schema-graph\">{\"@context\":\"https:\/\/schema.org\",\"@graph\":[{\"@type\":\"Article\",\"@id\":\"https:\/\/www.city-bahn.de\/berufsinformationstag-in-neumark\/#article\",\"isPartOf\":{\"@id\":\"https:\/\/www.city-bahn.de\/berufsinformationstag-in-neumark\/\"},\"author\":{\"name\":\"Stephan Baier\",\"@id\":\"https:\/\/www.city-bahn.de\/#\/schema\/person\/e0481252848f0be0ba235ceeb0a6f0e6\"},\"headline\":\"Berufsinformationstag f\u00fcr angehende Eisenbahner\",\"datePublished\":\"2023-08-14T15:48:58+00:00\",\"dateModified\":\"2026-03-30T13:36:31+00:00\",\"mainEntityOfPage\":{\"@id\":\"https:\/\/www.city-bahn.de\/berufsinformationstag-in-neumark\/\"},\"wordCount\":394,\"publisher\":{\"@id\":\"https:\/\/www.city-bahn.de\/#organization\"},\"image\":{\"@id\":\"https:\/\/www.city-bahn.de\/berufsinformationstag-in-neumark\/#primaryimage\"},\"thumbnailUrl\":\"https:\/\/www.city-bahn.de\/wp-content\/uploads\/2023\/08\/Berufsinfotag-Neumark-CBC_V2.jpg\",\"articleSection\":[\"Veranstaltungen\"],\"inLanguage\":\"en-GB\"},{\"@type\":\"WebPage\",\"@id\":\"https:\/\/www.city-bahn.de\/berufsinformationstag-in-neumark\/\",\"url\":\"https:\/\/www.city-bahn.de\/berufsinformationstag-in-neumark\/\",\"name\":\"Berufsinformationstag f\u00fcr angehende Eisenbahner &#187; City-Bahn Chemnitz\",\"isPartOf\":{\"@id\":\"https:\/\/www.city-bahn.de\/#website\"},\"primaryImageOfPage\":{\"@id\":\"https:\/\/www.city-bahn.de\/berufsinformationstag-in-neumark\/#primaryimage\"},\"image\":{\"@id\":\"https:\/\/www.city-bahn.de\/berufsinformationstag-in-neumark\/#primaryimage\"},\"thumbnailUrl\":\"https:\/\/www.city-bahn.de\/wp-content\/uploads\/2023\/08\/Berufsinfotag-Neumark-CBC_V2.jpg\",\"datePublished\":\"2023-08-14T15:48:58+00:00\",\"dateModified\":\"2026-03-30T13:36:31+00:00\",\"description\":\"Fahre mit uns und unserem kostenfreien Shuttle am 16.09.2023 zum Schnuppertag nach Neumark.\",\"breadcrumb\":{\"@id\":\"https:\/\/www.city-bahn.de\/berufsinformationstag-in-neumark\/#breadcrumb\"},\"inLanguage\":\"en-GB\",\"potentialAction\":[{\"@type\":\"ReadAction\",\"target\":[\"https:\/\/www.city-bahn.de\/berufsinformationstag-in-neumark\/\"]}]},{\"@type\":\"ImageObject\",\"inLanguage\":\"en-GB\",\"@id\":\"https:\/\/www.city-bahn.de\/berufsinformationstag-in-neumark\/#primaryimage\",\"url\":\"https:\/\/www.city-bahn.de\/wp-content\/uploads\/2023\/08\/Berufsinfotag-Neumark-CBC_V2.jpg\",\"contentUrl\":\"https:\/\/www.city-bahn.de\/wp-content\/uploads\/2023\/08\/Berufsinfotag-Neumark-CBC_V2.jpg\",\"width\":800,\"height\":500,\"caption\":\"Collage zu Berufsinfotag Neumark CBC, Variante 2: Im Mittelpunkt eine l\u00e4chelnde junge Frau mit Rucksack \u00fcber der linken Schulter und Schreibbl\u00f6cken in der Hand\"},{\"@type\":\"BreadcrumbList\",\"@id\":\"https:\/\/www.city-bahn.de\/berufsinformationstag-in-neumark\/#breadcrumb\",\"itemListElement\":[{\"@type\":\"ListItem\",\"position\":1,\"name\":\"Startseite\",\"item\":\"https:\/\/www.city-bahn.de\/\"},{\"@type\":\"ListItem\",\"position\":2,\"name\":\"Berufsinformationstag f\u00fcr angehende Eisenbahner\"}]},{\"@type\":\"WebSite\",\"@id\":\"https:\/\/www.city-bahn.de\/#website\",\"url\":\"https:\/\/www.city-bahn.de\/\",\"name\":\"City-Bahn Chemnitz\",\"description\":\"Wir verbinden die Region\",\"publisher\":{\"@id\":\"https:\/\/www.city-bahn.de\/#organization\"},\"alternateName\":\"City-Bahn Chemnitz GmbH\",\"potentialAction\":[{\"@type\":\"SearchAction\",\"target\":{\"@type\":\"EntryPoint\",\"urlTemplate\":\"https:\/\/www.city-bahn.de\/?s={search_term_string}\"},\"query-input\":{\"@type\":\"PropertyValueSpecification\",\"valueRequired\":true,\"valueName\":\"search_term_string\"}}],\"inLanguage\":\"en-GB\"},{\"@type\":\"Organization\",\"@id\":\"https:\/\/www.city-bahn.de\/#organization\",\"name\":\"City-Bahn Chemnitz GmbH\",\"url\":\"https:\/\/www.city-bahn.de\/\",\"logo\":{\"@type\":\"ImageObject\",\"inLanguage\":\"en-GB\",\"@id\":\"https:\/\/www.city-bahn.de\/#\/schema\/logo\/image\/\",\"url\":\"https:\/\/www.city-bahn.de\/wp-content\/uploads\/2022\/01\/LogoCBC.svg\",\"contentUrl\":\"https:\/\/www.city-bahn.de\/wp-content\/uploads\/2022\/01\/LogoCBC.svg\",\"width\":1385,\"height\":658,\"caption\":\"City-Bahn Chemnitz GmbH\"},\"image\":{\"@id\":\"https:\/\/www.city-bahn.de\/#\/schema\/logo\/image\/\"},\"sameAs\":[\"https:\/\/www.facebook.com\/city.bahn.chemnitz\",\"https:\/\/x.com\/citybahn\"]},{\"@type\":\"Person\",\"@id\":\"https:\/\/www.city-bahn.de\/#\/schema\/person\/e0481252848f0be0ba235ceeb0a6f0e6\",\"name\":\"Stephan Baier\"}]}<\/script>\n<!-- \/ Yoast SEO plugin. -->","yoast_head_json":{"title":"Berufsinformationstag f\u00fcr angehende Eisenbahner &#187; City-Bahn Chemnitz","description":"Ride with us and our free shuttle to Neumark on 16.09.2023 for a taster day.","robots":{"index":"index","follow":"follow","max-snippet":"max-snippet:-1","max-image-preview":"max-image-preview:large","max-video-preview":"max-video-preview:-1"},"canonical":"https:\/\/www.city-bahn.de\/en\/berufsinformationstag-in-neumark\/","og_locale":"en_GB","og_type":"article","og_title":"Berufsinformationstag f\u00fcr angehende Eisenbahner &#187; City-Bahn Chemnitz","og_description":"Fahre mit uns und unserem kostenfreien Shuttle am 16.09.2023 zum Schnuppertag nach Neumark.","og_url":"https:\/\/www.city-bahn.de\/en\/berufsinformationstag-in-neumark\/","og_site_name":"City-Bahn Chemnitz","article_publisher":"https:\/\/www.facebook.com\/city.bahn.chemnitz","article_published_time":"2023-08-14T15:48:58+00:00","article_modified_time":"2026-03-30T13:36:31+00:00","og_image":[{"width":800,"height":500,"url":"https:\/\/www.city-bahn.de\/wp-content\/uploads\/2023\/08\/Berufsinfotag-Neumark-CBC_V2.jpg","type":"image\/jpeg"}],"author":"Stephan Baier","twitter_card":"summary_large_image","twitter_creator":"@citybahn","twitter_site":"@citybahn","twitter_misc":{"Written by":"Stephan Baier","Estimated reading time":"2 minutes"},"schema":{"@context":"https:\/\/schema.org","@graph":[{"@type":"Article","@id":"https:\/\/www.city-bahn.de\/berufsinformationstag-in-neumark\/#article","isPartOf":{"@id":"https:\/\/www.city-bahn.de\/berufsinformationstag-in-neumark\/"},"author":{"name":"Stephan Baier","@id":"https:\/\/www.city-bahn.de\/#\/schema\/person\/e0481252848f0be0ba235ceeb0a6f0e6"},"headline":"Berufsinformationstag f\u00fcr angehende Eisenbahner","datePublished":"2023-08-14T15:48:58+00:00","dateModified":"2026-03-30T13:36:31+00:00","mainEntityOfPage":{"@id":"https:\/\/www.city-bahn.de\/berufsinformationstag-in-neumark\/"},"wordCount":394,"publisher":{"@id":"https:\/\/www.city-bahn.de\/#organization"},"image":{"@id":"https:\/\/www.city-bahn.de\/berufsinformationstag-in-neumark\/#primaryimage"},"thumbnailUrl":"https:\/\/www.city-bahn.de\/wp-content\/uploads\/2023\/08\/Berufsinfotag-Neumark-CBC_V2.jpg","articleSection":["Veranstaltungen"],"inLanguage":"en-GB"},{"@type":"WebPage","@id":"https:\/\/www.city-bahn.de\/berufsinformationstag-in-neumark\/","url":"https:\/\/www.city-bahn.de\/berufsinformationstag-in-neumark\/","name":"Berufsinformationstag f\u00fcr angehende Eisenbahner &#187; City-Bahn Chemnitz","isPartOf":{"@id":"https:\/\/www.city-bahn.de\/#website"},"primaryImageOfPage":{"@id":"https:\/\/www.city-bahn.de\/berufsinformationstag-in-neumark\/#primaryimage"},"image":{"@id":"https:\/\/www.city-bahn.de\/berufsinformationstag-in-neumark\/#primaryimage"},"thumbnailUrl":"https:\/\/www.city-bahn.de\/wp-content\/uploads\/2023\/08\/Berufsinfotag-Neumark-CBC_V2.jpg","datePublished":"2023-08-14T15:48:58+00:00","dateModified":"2026-03-30T13:36:31+00:00","description":"Ride with us and our free shuttle to Neumark on 16.09.2023 for a taster day.","breadcrumb":{"@id":"https:\/\/www.city-bahn.de\/berufsinformationstag-in-neumark\/#breadcrumb"},"inLanguage":"en-GB","potentialAction":[{"@type":"ReadAction","target":["https:\/\/www.city-bahn.de\/berufsinformationstag-in-neumark\/"]}]},{"@type":"ImageObject","inLanguage":"en-GB","@id":"https:\/\/www.city-bahn.de\/berufsinformationstag-in-neumark\/#primaryimage","url":"https:\/\/www.city-bahn.de\/wp-content\/uploads\/2023\/08\/Berufsinfotag-Neumark-CBC_V2.jpg","contentUrl":"https:\/\/www.city-bahn.de\/wp-content\/uploads\/2023\/08\/Berufsinfotag-Neumark-CBC_V2.jpg","width":800,"height":500,"caption":"Collage zu Berufsinfotag Neumark CBC, Variante 2: Im Mittelpunkt eine l\u00e4chelnde junge Frau mit Rucksack \u00fcber der linken Schulter und Schreibbl\u00f6cken in der Hand"},{"@type":"BreadcrumbList","@id":"https:\/\/www.city-bahn.de\/berufsinformationstag-in-neumark\/#breadcrumb","itemListElement":[{"@type":"ListItem","position":1,"name":"Startseite","item":"https:\/\/www.city-bahn.de\/"},{"@type":"ListItem","position":2,"name":"Berufsinformationstag f\u00fcr angehende Eisenbahner"}]},{"@type":"WebSite","@id":"https:\/\/www.city-bahn.de\/#website","url":"https:\/\/www.city-bahn.de\/","name":"Chemnitz City Railway","description":"We connect the region","publisher":{"@id":"https:\/\/www.city-bahn.de\/#organization"},"alternateName":"City-Bahn Chemnitz GmbH","potentialAction":[{"@type":"SearchAction","target":{"@type":"EntryPoint","urlTemplate":"https:\/\/www.city-bahn.de\/?s={search_term_string}"},"query-input":{"@type":"PropertyValueSpecification","valueRequired":true,"valueName":"search_term_string"}}],"inLanguage":"en-GB"},{"@type":"Organization","@id":"https:\/\/www.city-bahn.de\/#organization","name":"City-Bahn Chemnitz GmbH","url":"https:\/\/www.city-bahn.de\/","logo":{"@type":"ImageObject","inLanguage":"en-GB","@id":"https:\/\/www.city-bahn.de\/#\/schema\/logo\/image\/","url":"https:\/\/www.city-bahn.de\/wp-content\/uploads\/2022\/01\/LogoCBC.svg","contentUrl":"https:\/\/www.city-bahn.de\/wp-content\/uploads\/2022\/01\/LogoCBC.svg","width":1385,"height":658,"caption":"City-Bahn Chemnitz GmbH"},"image":{"@id":"https:\/\/www.city-bahn.de\/#\/schema\/logo\/image\/"},"sameAs":["https:\/\/www.facebook.com\/city.bahn.chemnitz","https:\/\/x.com\/citybahn"]},{"@type":"Person","@id":"https:\/\/www.city-bahn.de\/#\/schema\/person\/e0481252848f0be0ba235ceeb0a6f0e6","name":"Stephan Baier"}]}},"publishpress_future_action":{"enabled":false,"date":"2026-05-08 01:33:54","action":"change-status","newStatus":"draft","terms":[],"taxonomy":"category","extraData":[]},"publishpress_future_workflow_manual_trigger":{"enabledWorkflows":[]},"_links":{"self":[{"href":"https:\/\/www.city-bahn.de\/en\/wp-json\/wp\/v2\/posts\/3603","targetHints":{"allow":["GET"]}}],"collection":[{"href":"https:\/\/www.city-bahn.de\/en\/wp-json\/wp\/v2\/posts"}],"about":[{"href":"https:\/\/www.city-bahn.de\/en\/wp-json\/wp\/v2\/types\/post"}],"author":[{"embeddable":true,"href":"https:\/\/www.city-bahn.de\/en\/wp-json\/wp\/v2\/users\/3"}],"replies":[{"embeddable":true,"href":"https:\/\/www.city-bahn.de\/en\/wp-json\/wp\/v2\/comments?post=3603"}],"version-history":[{"count":52,"href":"https:\/\/www.city-bahn.de\/en\/wp-json\/wp\/v2\/posts\/3603\/revisions"}],"predecessor-version":[{"id":10213,"href":"https:\/\/www.city-bahn.de\/en\/wp-json\/wp\/v2\/posts\/3603\/revisions\/10213"}],"wp:featuredmedia":[{"embeddable":true,"href":"https:\/\/www.city-bahn.de\/en\/wp-json\/wp\/v2\/media\/3682"}],"wp:attachment":[{"href":"https:\/\/www.city-bahn.de\/en\/wp-json\/wp\/v2\/media?parent=3603"}],"wp:term":[{"taxonomy":"category","embeddable":true,"href":"https:\/\/www.city-bahn.de\/en\/wp-json\/wp\/v2\/categories?post=3603"},{"taxonomy":"post_tag","embeddable":true,"href":"https:\/\/www.city-bahn.de\/en\/wp-json\/wp\/v2\/tags?post=3603"}],"curies":[{"name":"wp","href":"https:\/\/api.w.org\/{rel}","templated":true}]}}